{"id":165700,"date":"2018-08-15T23:26:33","date_gmt":"2018-08-15T23:26:33","guid":{"rendered":"https:\/\/www.enteratever.com\/2023\/inconsistencias-en-el-informe-de-las-obras-publicas-en-poza-rica\/"},"modified":"2018-08-15T23:26:33","modified_gmt":"2018-08-15T23:26:33","slug":"inconsistencias-en-el-informe-de-las-obras-publicas-en-poza-rica","status":"publish","type":"post","link":"https:\/\/www.enteratever.com\/2023\/2018\/08\/15\/inconsistencias-en-el-informe-de-las-obras-publicas-en-poza-rica\/","title":{"rendered":"Inconsistencias en el informe de las obras p\u00fablicas en Poza Rica"},"content":{"rendered":"<p>Visitas: 1<\/p><p style=\"text-align: justify;\"><strong>Por: Pablo Espidio | Enteratever.com<\/strong><\/p>\n<p style=\"text-align: justify;\">Con inconsistencias el departamento de Obras P\u00fablicas present\u00f3 los avances de los proyectos que el municipio de Poza Rica est\u00e1 realizando, las cifras no concuerdan con los presupuestos que se hab\u00edan dado al inicio de las construcciones.<\/p>\n<p style=\"text-align: justify;\">Durante la sesi\u00f3n de cabildo el arquitecto Mario Alejandro Bas\u00e1\u00f1ez Gonz\u00e1lez quien es encargado de las obras que se est\u00e1n realizando en diferentes puntos de la ciudad, presentaron el informe de los avances f\u00edsicos de obras o proyectos, en donde desde el primer momento se pudieron observar algunos problemas en cuesti\u00f3n de las cantidades de obras y el costo de estas.<\/p>\n<p style=\"text-align: justify;\">Bas\u00e1\u00f1ez Gonz\u00e1lez resolvi\u00f3 las dudas que algunos regidores tuvieron relacionado con el costo de las obras, al igual mencion\u00f3 que para la siguiente presentaci\u00f3n cuidar\u00eda m\u00e1s ciertos detalles que generaron dudas racionadas al precio de las obras.<\/p>\n<p style=\"text-align: justify;\">En la presentaci\u00f3n se pudieron observar que las obras en las que se est\u00e1n trabajando son, aulas escolares, el pavimento de las calles, recamaras, domos para instituciones educativas y cisternas para algunas viviendas.<\/p>\n<p style=\"text-align: justify;\">Por \u00faltimo Francisco Javier Vel\u00e1zquez Vallejo, Presente Municipal coment\u00f3 que se tiene que seguir trabajando en estas obras y que se buscar\u00e1 apoyar a las empresas constructoras locales para generar empleos en la ciudad.<\/p>\n<p style=\"text-align: justify;\">A pesar de los problemas que se presentaron durante la presentaci\u00f3n los avances f\u00edsicos de obras o proyectos del mes de junio fue aprobado unanimidad, cabe destacar que F\u00e9lix Iv\u00e1n Garc\u00eda Bustos, regidor primero, comisionado de Obras P\u00fablicas anteriormente ya hab\u00eda comentado que ser\u00edan m\u00e1s de 80 obras las que se realizar\u00edan en varias partes de la ciudad esto con el fin de ayudar a la ciudadan\u00eda.<\/p>\n","protected":false},"excerpt":{"rendered":"<p>Visitas: 1Por: Pablo Espidio | Enteratever.com Con inconsistencias el departamento de Obras P\u00fablicas present\u00f3 los avances de los proyectos que el municipio de Poza Rica est\u00e1 realizando, las cifras no concuerdan con los presupuestos que se hab\u00edan dado al inicio de las construcciones. Durante la sesi\u00f3n de cabildo el arquitecto Mario Alejandro Bas\u00e1\u00f1ez Gonz\u00e1lez quien [&hellip;]<\/p>\n","protected":false},"author":4,"featured_media":165701,"comment_status":"open","ping_status":"open","sticky":false,"template":"","format":"standard","meta":{"footnotes":""},"categories":[299,213],"tags":[],"class_list":{"0":"post-165700","1":"post","2":"type-post","3":"status-publish","4":"format-standard","5":"has-post-thumbnail","7":"category-notas-locales","8":"category-poza-rica"},"nelio_content":{"isAutoShareEnabled":true,"autoShareEndMode":"never","automationSources":{"useCustomSentences":false,"customSentences":[]},"followers":[],"suggestedReferences":[],"efiUrl":"","efiAlt":"","highlights":[],"permalinkQueryArgs":[],"series":[]},"_links":{"self":[{"href":"https:\/\/www.enteratever.com\/2023\/wp-json\/wp\/v2\/posts\/165700","targetHints":{"allow":["GET"]}}],"collection":[{"href":"https:\/\/www.enteratever.com\/2023\/wp-json\/wp\/v2\/posts"}],"about":[{"href":"https:\/\/www.enteratever.com\/2023\/wp-json\/wp\/v2\/types\/post"}],"author":[{"embeddable":true,"href":"https:\/\/www.enteratever.com\/2023\/wp-json\/wp\/v2\/users\/4"}],"replies":[{"embeddable":true,"href":"https:\/\/www.enteratever.com\/2023\/wp-json\/wp\/v2\/comments?post=165700"}],"version-history":[{"count":0,"href":"https:\/\/www.enteratever.com\/2023\/wp-json\/wp\/v2\/posts\/165700\/revisions"}],"wp:featuredmedia":[{"embeddable":true,"href":"https:\/\/www.enteratever.com\/2023\/wp-json\/wp\/v2\/media\/165701"}],"wp:attachment":[{"href":"https:\/\/www.enteratever.com\/2023\/wp-json\/wp\/v2\/media?parent=165700"}],"wp:term":[{"taxonomy":"category","embeddable":true,"href":"https:\/\/www.enteratever.com\/2023\/wp-json\/wp\/v2\/categories?post=165700"},{"taxonomy":"post_tag","embeddable":true,"href":"https:\/\/www.enteratever.com\/2023\/wp-json\/wp\/v2\/tags?post=165700"}],"curies":[{"name":"wp","href":"https:\/\/api.w.org\/{rel}","templated":true}]}}