{"id":165692,"date":"2018-08-14T19:30:31","date_gmt":"2018-08-14T19:30:31","guid":{"rendered":"https:\/\/www.enteratever.com\/2023\/campana-de-salud-visual-en-poza-rica\/"},"modified":"2018-08-14T19:30:31","modified_gmt":"2018-08-14T19:30:31","slug":"campana-de-salud-visual-en-poza-rica","status":"publish","type":"post","link":"https:\/\/www.enteratever.com\/2023\/2018\/08\/14\/campana-de-salud-visual-en-poza-rica\/","title":{"rendered":"Campa\u00f1a de Salud Visual en Poza Rica"},"content":{"rendered":"<p>Visitas: 1<\/p><p style=\"text-align: justify;\"><strong>Por: Pablo Espidio | Enteratever.com<\/strong><\/p>\n<p style=\"text-align: justify;\">Se inaugur\u00f3 la campa\u00f1a de salud visual que tiene como objetivo de apoyar a la ciudadan\u00eda a tener una mejor visi\u00f3n, el municipio de Poza Rica en conjunto con la fundaci\u00f3n Armenta Visual, estar\u00e1n trabajando para que todas aquellas personas que deseen realizarse el estudio de la vista puedan acudir al m\u00f3dulo que est\u00e1 instalado en la explanada del Palacio Municipal del Municipio.<\/p>\n<p style=\"text-align: justify;\">Fausto Jaimit Cabrera D\u00e1vila, regidor d\u00e9cimo quien es encargado a todo lo relacionado con la salud, coment\u00f3 que es muy importante realizarles el estudio de la visita a todos los ni\u00f1os, ya que es a ellos a los que a temprana edad se les diagnostican problemas visuales.<\/p>\n<p style=\"text-align: justify;\">Al igual invita a toda la ciudadan\u00eda en general a que acudan a este m\u00f3dulo para que se puedan hacer su estudio de la vista y aquellos que realmente los necesiten puedan obtenerlos a un bajo costo, que es esa la finalidad de esta campa\u00f1a, a que mejoren su visi\u00f3n los ciudadanos.<\/p>\n<p style=\"text-align: justify;\">Francisco Javier Vel\u00e1zquez Vallejo, Presidente Municipal de Poza Rica, mencion\u00f3 que la detenci\u00f3n a temprana edad de problemas visuales es uno de los factores que la ciudadan\u00eda tiene que reforzar, al igual que tienen que aprovechar este tipo de programas que se est\u00e1n implementando.<\/p>\n<p style=\"text-align: justify;\">Esta campa\u00f1a estar\u00e1 del 14 de agosto al 12 de septiembre, en donde las personas que deseen realizarse su estudio de la vista completamente gratis tendr\u00e1n que acudir a la explanada del Palacio Municipal donde se encuentra el m\u00f3dulo.<\/p>\n","protected":false},"excerpt":{"rendered":"<p>Visitas: 1Por: Pablo Espidio | Enteratever.com Se inaugur\u00f3 la campa\u00f1a de salud visual que tiene como objetivo de apoyar a la ciudadan\u00eda a tener una mejor visi\u00f3n, el municipio de Poza Rica en conjunto con la fundaci\u00f3n Armenta Visual, estar\u00e1n trabajando para que todas aquellas personas que deseen realizarse el estudio de la vista puedan [&hellip;]<\/p>\n","protected":false},"author":4,"featured_media":165693,"comment_status":"open","ping_status":"open","sticky":false,"template":"","format":"standard","meta":{"footnotes":""},"categories":[299,213],"tags":[],"class_list":{"0":"post-165692","1":"post","2":"type-post","3":"status-publish","4":"format-standard","5":"has-post-thumbnail","7":"category-notas-locales","8":"category-poza-rica"},"nelio_content":{"isAutoShareEnabled":true,"autoShareEndMode":"never","automationSources":{"useCustomSentences":false,"customSentences":[]},"followers":[],"suggestedReferences":[],"efiUrl":"","efiAlt":"","highlights":[],"permalinkQueryArgs":[],"series":[]},"_links":{"self":[{"href":"https:\/\/www.enteratever.com\/2023\/wp-json\/wp\/v2\/posts\/165692","targetHints":{"allow":["GET"]}}],"collection":[{"href":"https:\/\/www.enteratever.com\/2023\/wp-json\/wp\/v2\/posts"}],"about":[{"href":"https:\/\/www.enteratever.com\/2023\/wp-json\/wp\/v2\/types\/post"}],"author":[{"embeddable":true,"href":"https:\/\/www.enteratever.com\/2023\/wp-json\/wp\/v2\/users\/4"}],"replies":[{"embeddable":true,"href":"https:\/\/www.enteratever.com\/2023\/wp-json\/wp\/v2\/comments?post=165692"}],"version-history":[{"count":0,"href":"https:\/\/www.enteratever.com\/2023\/wp-json\/wp\/v2\/posts\/165692\/revisions"}],"wp:featuredmedia":[{"embeddable":true,"href":"https:\/\/www.enteratever.com\/2023\/wp-json\/wp\/v2\/media\/165693"}],"wp:attachment":[{"href":"https:\/\/www.enteratever.com\/2023\/wp-json\/wp\/v2\/media?parent=165692"}],"wp:term":[{"taxonomy":"category","embeddable":true,"href":"https:\/\/www.enteratever.com\/2023\/wp-json\/wp\/v2\/categories?post=165692"},{"taxonomy":"post_tag","embeddable":true,"href":"https:\/\/www.enteratever.com\/2023\/wp-json\/wp\/v2\/tags?post=165692"}],"curies":[{"name":"wp","href":"https:\/\/api.w.org\/{rel}","templated":true}]}}