{"id":165578,"date":"2018-07-10T18:52:28","date_gmt":"2018-07-10T18:52:28","guid":{"rendered":"https:\/\/www.enteratever.com\/2023\/anuncian-el-festival-turistico-de-verano-en-poza-rica\/"},"modified":"2018-07-10T18:52:28","modified_gmt":"2018-07-10T18:52:28","slug":"anuncian-el-festival-turistico-de-verano-en-poza-rica","status":"publish","type":"post","link":"https:\/\/www.enteratever.com\/2023\/2018\/07\/10\/anuncian-el-festival-turistico-de-verano-en-poza-rica\/","title":{"rendered":"Festival Tur\u00edstico de Verano 2018 Poza Rica"},"content":{"rendered":"<p>Visitas: 1<\/p><p style=\"text-align: justify;\">En Poza Rica se llevar\u00e1 a cabo el Festival Tur\u00edstico de Verano 2018, \u00abEl encuentro de las culturas vivas\u00bb, ofrecer\u00e1n a los turistas una presencia artesanal, gastron\u00f3mica y cultural, de las regiones Totonacapan, Huasteca y como invitado especial este a\u00f1o la cultura Zapoteca, esta \u00faltima representada por la presentaci\u00f3n de la Guelaguetza, con m\u00e1s de 60 artistas que deleitar\u00e1n a los asistentes con un espect\u00e1culo cultural, trajes t\u00edpicos y m\u00fasica; la inversi\u00f3n es de m\u00e1s de 100 mil pesos as\u00ed lo dio a conocer Francisco Javier Vel\u00e1zquez Vallejo Presidente Municipal de Poza Rica.<\/p>\n<p style=\"text-align: justify;\">Poza Rica se muestra como la ciudad sede de las culturas vivas del estado de Veracruz y un referente art\u00edstico nacional, el evento se llevar\u00e1 a cabo los d\u00eda 28 y 29 de julio de 10:00 a 21:00 horas en el Parque Benito Ju\u00e1rez de esta ciudad.<\/p>\n<p style=\"text-align: justify;\">Una no se tiene un estimado de cuantos visitantes podr\u00edan arriban a la zona con motivo de las vacaciones de verano y a este festival, el alcalde se\u00f1al\u00f3 que se espera que haya beneficios para los prestadores de servicios \u00abtoda la gente que llegue ser\u00e1 bien recibida y bien atendida, ser\u00e1 con el \u00e1nimo de que regrese cuantas veces quiera, y que encuentren a Poza Rica como una extensi\u00f3n de su casa\u00bb, dijo.<\/p>\n<p style=\"text-align: justify;\">A los artesanos de Oaxaca se les apoyar\u00e1 con la instalaci\u00f3n de carpas, la inversi\u00f3n no es cuantiosa, oscila entre los 100 mil o 150 mil pesos, afirm\u00f3 Vel\u00e1zquez Vallejo. Los visitantes podr\u00e1n disfrutar de diferentes encuentros y espacios, como un mercado artesanal en el que m\u00e1s de 50 expositores estar\u00e1n presentes, incluidos artesanos de la regi\u00f3n de Papantla, Tuxpan y Cazones compartir\u00e1n sus artesan\u00edas y muestras gastron\u00f3micas.<\/p>\n<p style=\"text-align: justify;\">Tambi\u00e9n habr\u00e1 talleres artesanales en el que las familias podr\u00e1n convivir y conocer\u00e1n m\u00e1s sobre las culturas, se vivir\u00e1 la experiencia de lo hol\u00edstico a trav\u00e9s de los m\u00e9dicos tradicionales, limpias y terapias individuales.<\/p>\n<p style=\"text-align: justify;\">La ciudad de Poza Rica tambi\u00e9n ser\u00e1 una de las sedes del evento ciclista \u00abReto Taj\u00edn\u00bb, uno de los eventos se realizar\u00e1 el 29 de julio en la explanada municipal donde se llevar\u00e1 a cabo la competencia \u00abBici Kids\u00bb con ni\u00f1os de 5 a 15 a\u00f1os de edad y el espect\u00e1culo BMX con el campe\u00f3n nacional Irvin Reyes Acosta.<\/p>\n","protected":false},"excerpt":{"rendered":"<p>Ayuntamiento invertir\u00e1 100 mil pesos en este evento<\/p>\n","protected":false},"author":6,"featured_media":165579,"comment_status":"open","ping_status":"open","sticky":false,"template":"","format":"standard","meta":{"footnotes":""},"categories":[213],"tags":[],"class_list":{"0":"post-165578","1":"post","2":"type-post","3":"status-publish","4":"format-standard","5":"has-post-thumbnail","7":"category-poza-rica"},"nelio_content":{"isAutoShareEnabled":true,"autoShareEndMode":"never","automationSources":{"useCustomSentences":false,"customSentences":[]},"followers":[],"suggestedReferences":[],"efiUrl":"","efiAlt":"","highlights":[],"permalinkQueryArgs":[],"series":[]},"_links":{"self":[{"href":"https:\/\/www.enteratever.com\/2023\/wp-json\/wp\/v2\/posts\/165578","targetHints":{"allow":["GET"]}}],"collection":[{"href":"https:\/\/www.enteratever.com\/2023\/wp-json\/wp\/v2\/posts"}],"about":[{"href":"https:\/\/www.enteratever.com\/2023\/wp-json\/wp\/v2\/types\/post"}],"author":[{"embeddable":true,"href":"https:\/\/www.enteratever.com\/2023\/wp-json\/wp\/v2\/users\/6"}],"replies":[{"embeddable":true,"href":"https:\/\/www.enteratever.com\/2023\/wp-json\/wp\/v2\/comments?post=165578"}],"version-history":[{"count":0,"href":"https:\/\/www.enteratever.com\/2023\/wp-json\/wp\/v2\/posts\/165578\/revisions"}],"wp:featuredmedia":[{"embeddable":true,"href":"https:\/\/www.enteratever.com\/2023\/wp-json\/wp\/v2\/media\/165579"}],"wp:attachment":[{"href":"https:\/\/www.enteratever.com\/2023\/wp-json\/wp\/v2\/media?parent=165578"}],"wp:term":[{"taxonomy":"category","embeddable":true,"href":"https:\/\/www.enteratever.com\/2023\/wp-json\/wp\/v2\/categories?post=165578"},{"taxonomy":"post_tag","embeddable":true,"href":"https:\/\/www.enteratever.com\/2023\/wp-json\/wp\/v2\/tags?post=165578"}],"curies":[{"name":"wp","href":"https:\/\/api.w.org\/{rel}","templated":true}]}}