{"id":165428,"date":"2018-06-20T03:51:13","date_gmt":"2018-06-20T03:51:13","guid":{"rendered":"https:\/\/www.enteratever.com\/2023\/se-preparan-para-llenar-de-flores-el-dv\/"},"modified":"2018-06-20T03:51:13","modified_gmt":"2018-06-20T03:51:13","slug":"se-preparan-para-llenar-de-flores-el-dv","status":"publish","type":"post","link":"https:\/\/www.enteratever.com\/2023\/2018\/06\/20\/se-preparan-para-llenar-de-flores-el-dv\/","title":{"rendered":"Se preparan para llenar de flores el DV"},"content":{"rendered":"<p>Visitas: 0<\/p><p style=\"text-align: justify;\"><strong>Por: Luis Navarro Arteaga<\/strong><\/p>\n<p style=\"text-align: justify;\">15 equipos se han inscrito en el concurso de jardines p\u00fablicos al que convoca la organizaci\u00f3n do por la naturaleza y el ayuntamiento de Poza Rica y que se va a llevar a cabo en la parte baja del distribuidor vial<\/p>\n<p style=\"text-align: justify;\">Armando Alarc\u00f3n el principal promotor de esta actividad dijo que el objetivo de\u00a0e\u200bl concurso es reforestar gran parte de la parte de los bajos del distribuidor vial que fue deforestada al construir el viaducto.<\/p>\n<p style=\"text-align: justify;\">Explic\u00f3 que los jardines en espacios p\u00fablicos van a reconocer a quien haya construido estas \u00e1reas verdes con la colocaci\u00f3n de una placa con los nombres de los integrantes de cada equipo para grupos escuelas o empresas que participen representar\u00e1 inclusive hasta publicidad agreg\u00f3.<\/p>\n<p style=\"text-align: justify;\">La convocatoria sigue abierta hasta el pr\u00f3ximo 26 de junio. Posteriormente se dar\u00e1 un taller y pl\u00e1ticas para que los concursantes puedan realizar de la mejor manera el trabajo ma\u00f1ana de jardiner\u00eda a \u200bpartir del 11 de julio comenzar\u00e1 ya la creaci\u00f3n de las \u00e1reas verdes.<\/p>\n<p style=\"text-align: justify;\">Las inscripciones siguen abiertas a\u200bs\u00ed que todos los que quieran participar todav\u00eda tienen oportunidad de acercarse a la comisi\u00f3n de Ecolog\u00eda del ayuntamiento o reportarse con do por la naturaleza en sus redes sociales.<\/p>\n","protected":false},"excerpt":{"rendered":"<p>Visitas: 0Por: Luis Navarro Arteaga 15 equipos se han inscrito en el concurso de jardines p\u00fablicos al que convoca la organizaci\u00f3n do por la naturaleza y el ayuntamiento de Poza Rica y que se va a llevar a cabo en la parte baja del distribuidor vial Armando Alarc\u00f3n el principal promotor de esta actividad dijo [&hellip;]<\/p>\n","protected":false},"author":2,"featured_media":165429,"comment_status":"open","ping_status":"open","sticky":false,"template":"","format":"standard","meta":{"footnotes":""},"categories":[299,213],"tags":[],"class_list":{"0":"post-165428","1":"post","2":"type-post","3":"status-publish","4":"format-standard","5":"has-post-thumbnail","7":"category-notas-locales","8":"category-poza-rica"},"nelio_content":{"isAutoShareEnabled":true,"autoShareEndMode":"never","automationSources":{"useCustomSentences":false,"customSentences":[]},"followers":[],"suggestedReferences":[],"efiUrl":"","efiAlt":"","highlights":[],"permalinkQueryArgs":[],"series":[]},"_links":{"self":[{"href":"https:\/\/www.enteratever.com\/2023\/wp-json\/wp\/v2\/posts\/165428","targetHints":{"allow":["GET"]}}],"collection":[{"href":"https:\/\/www.enteratever.com\/2023\/wp-json\/wp\/v2\/posts"}],"about":[{"href":"https:\/\/www.enteratever.com\/2023\/wp-json\/wp\/v2\/types\/post"}],"author":[{"embeddable":true,"href":"https:\/\/www.enteratever.com\/2023\/wp-json\/wp\/v2\/users\/2"}],"replies":[{"embeddable":true,"href":"https:\/\/www.enteratever.com\/2023\/wp-json\/wp\/v2\/comments?post=165428"}],"version-history":[{"count":0,"href":"https:\/\/www.enteratever.com\/2023\/wp-json\/wp\/v2\/posts\/165428\/revisions"}],"wp:featuredmedia":[{"embeddable":true,"href":"https:\/\/www.enteratever.com\/2023\/wp-json\/wp\/v2\/media\/165429"}],"wp:attachment":[{"href":"https:\/\/www.enteratever.com\/2023\/wp-json\/wp\/v2\/media?parent=165428"}],"wp:term":[{"taxonomy":"category","embeddable":true,"href":"https:\/\/www.enteratever.com\/2023\/wp-json\/wp\/v2\/categories?post=165428"},{"taxonomy":"post_tag","embeddable":true,"href":"https:\/\/www.enteratever.com\/2023\/wp-json\/wp\/v2\/tags?post=165428"}],"curies":[{"name":"wp","href":"https:\/\/api.w.org\/{rel}","templated":true}]}}