{"id":165424,"date":"2018-06-20T03:37:42","date_gmt":"2018-06-20T03:37:42","guid":{"rendered":"https:\/\/www.enteratever.com\/2023\/benefician-a-8-mil-adultos-mayores-con-pago-de-pensiones\/"},"modified":"2018-06-20T03:37:42","modified_gmt":"2018-06-20T03:37:42","slug":"benefician-a-8-mil-adultos-mayores-con-pago-de-pensiones","status":"publish","type":"post","link":"https:\/\/www.enteratever.com\/2023\/2018\/06\/20\/benefician-a-8-mil-adultos-mayores-con-pago-de-pensiones\/","title":{"rendered":"Benefician a 8 mil adultos mayores con pago de pensiones"},"content":{"rendered":"<p>Visitas: 0<\/p><p style=\"text-align: justify;\"><strong>Por: Luis Navarro Arteaga<\/strong><\/p>\n<p style=\"text-align: justify;\">Ocho mil 800 adultos mayores de Poza Rica recibieron, este martes, pensiones por un monto de mil 160 pesos cada uno correspondientes a un bimestre. La entrega de estos apoyos se celebr\u00f3 en el palacio municipal administrativo.<\/p>\n<p style=\"text-align: justify;\">La pensi\u00f3n para adultos mayores, ya no es un programa de apoyo del gobierno federal, sino una disposici\u00f3n legal, por tanto debe pagarse aun en tiempos de veda electoral, informa personal de la secretar\u00eda de Desarrollo social, encargado de realizar los pagos.<\/p>\n<p style=\"text-align: justify;\">Para esta ocasi\u00f3n fueron convocadas 99 personas en mesa distensi\u00f3n y 483 cobraron por Telecom. Este apoyo debe entregarse cada dos meses y no pudo adelantarse como otros pagos, como el de prospera para no violar la veda electoral.<\/p>\n<p style=\"text-align: justify;\">El personal que hizo la entrega de los recursos anunci\u00f3 que ser\u00e1 hasta el mes de agosto cuando se abran las convocatorias para realizar las nuevas incorporaciones de beneficiarios a esta pensi\u00f3n.<\/p>\n","protected":false},"excerpt":{"rendered":"<p>Visitas: 0Por: Luis Navarro Arteaga Ocho mil 800 adultos mayores de Poza Rica recibieron, este martes, pensiones por un monto de mil 160 pesos cada uno correspondientes a un bimestre. La entrega de estos apoyos se celebr\u00f3 en el palacio municipal administrativo. La pensi\u00f3n para adultos mayores, ya no es un programa de apoyo del [&hellip;]<\/p>\n","protected":false},"author":2,"featured_media":165425,"comment_status":"open","ping_status":"open","sticky":false,"template":"","format":"standard","meta":{"footnotes":""},"categories":[299,213],"tags":[],"class_list":{"0":"post-165424","1":"post","2":"type-post","3":"status-publish","4":"format-standard","5":"has-post-thumbnail","7":"category-notas-locales","8":"category-poza-rica"},"nelio_content":{"isAutoShareEnabled":true,"autoShareEndMode":"never","automationSources":{"useCustomSentences":false,"customSentences":[]},"followers":[],"suggestedReferences":[],"efiUrl":"","efiAlt":"","highlights":[],"permalinkQueryArgs":[],"series":[]},"_links":{"self":[{"href":"https:\/\/www.enteratever.com\/2023\/wp-json\/wp\/v2\/posts\/165424","targetHints":{"allow":["GET"]}}],"collection":[{"href":"https:\/\/www.enteratever.com\/2023\/wp-json\/wp\/v2\/posts"}],"about":[{"href":"https:\/\/www.enteratever.com\/2023\/wp-json\/wp\/v2\/types\/post"}],"author":[{"embeddable":true,"href":"https:\/\/www.enteratever.com\/2023\/wp-json\/wp\/v2\/users\/2"}],"replies":[{"embeddable":true,"href":"https:\/\/www.enteratever.com\/2023\/wp-json\/wp\/v2\/comments?post=165424"}],"version-history":[{"count":0,"href":"https:\/\/www.enteratever.com\/2023\/wp-json\/wp\/v2\/posts\/165424\/revisions"}],"wp:featuredmedia":[{"embeddable":true,"href":"https:\/\/www.enteratever.com\/2023\/wp-json\/wp\/v2\/media\/165425"}],"wp:attachment":[{"href":"https:\/\/www.enteratever.com\/2023\/wp-json\/wp\/v2\/media?parent=165424"}],"wp:term":[{"taxonomy":"category","embeddable":true,"href":"https:\/\/www.enteratever.com\/2023\/wp-json\/wp\/v2\/categories?post=165424"},{"taxonomy":"post_tag","embeddable":true,"href":"https:\/\/www.enteratever.com\/2023\/wp-json\/wp\/v2\/tags?post=165424"}],"curies":[{"name":"wp","href":"https:\/\/api.w.org\/{rel}","templated":true}]}}