{"id":165372,"date":"2018-06-14T21:58:20","date_gmt":"2018-06-14T21:58:20","guid":{"rendered":"https:\/\/www.enteratever.com\/2023\/periodistas-convocan-a-debate-entre-candidatos-a-la-diputacion-federal-por-el-v-distrito\/"},"modified":"2018-06-14T21:58:20","modified_gmt":"2018-06-14T21:58:20","slug":"periodistas-convocan-a-debate-entre-candidatos-a-la-diputacion-federal-por-el-v-distrito","status":"publish","type":"post","link":"https:\/\/www.enteratever.com\/2023\/2018\/06\/14\/periodistas-convocan-a-debate-entre-candidatos-a-la-diputacion-federal-por-el-v-distrito\/","title":{"rendered":"Periodistas convocan a debate entre candidatos a la diputaci\u00f3n federal por el V distrito"},"content":{"rendered":"<p>Visitas: 0<\/p><p style=\"text-align: justify;\">Los candidatos a la diputaci\u00f3n federal por el V distrito electoral debatir\u00e1n, los cinco aspirantes a este cargo de elecci\u00f3n popular confirmaron su participaci\u00f3n en el debate que organiza el Colegio de Comunicadores de Veracruz en coordinaci\u00f3n con el Instituto Nacional Electoral (INE).<\/p>\n<p style=\"text-align: justify;\">Jos\u00e9 Luis Navarro Arteaga, Integrante de la comisi\u00f3n organizadora del debate del Colegio de Comunicadores se\u00f1al\u00f3 que el pasado martes se dialog\u00f3 con los representantes de los partidos pol\u00edticos, todos confirmaron la asistencia de sus candidatos.<\/p>\n<p style=\"text-align: justify;\">El evento se llevar\u00e1 a cabo el pr\u00f3ximo 22 de junio a las 18:00 horas en el sal\u00f3n p\u00e9rgolas del hotel victoria de esta ciudad, el tiempo de duraci\u00f3n de este evento es de una hora y 10 minutos.<\/p>\n<p style=\"text-align: justify;\">Los temas que se van debatir son: revisi\u00f3n de la Ley de Seguridad Interior, revisi\u00f3n de la Reforma Energ\u00e9tica, Desarrollo Social y Grupos Vulnerables, G\u00e9nero y Derechos Humanos y Garant\u00edas para el Ejercicio de la Libertad de Expresi\u00f3n.<\/p>\n<p style=\"text-align: justify;\">El \u00faltimo tema dijo es importante para los comunicadores y la idea es conocer las propuestas que de los candidatos tienen en este sentido, debido a que los periodistas en ocasiones nos hemos convertido en objetivo de los poderes f\u00e1cticos dijo.<\/p>\n<p style=\"text-align: justify;\">El debate ser\u00e1 transmitido en vivo a trav\u00e9s de Facebook en la cuenta Colegio de Comunicadores. El objetivo primordial de este evento es la confrontaci\u00f3n de ideas para la ciudadanos conozca a los candidatos.<\/p>\n<p style=\"text-align: justify;\">Everardo Demetrio P\u00e9rez Guti\u00e9rrez, Vocal Ejecutivo de la 05 Junta Distrital, reconoci\u00f3 el esfuerzo que realiza el Colegio de Comunicadores debido a que es un ejercicio democr\u00e1tico, enfatiz\u00f3 que es un buen comienzo y ojal\u00e1 dijo existieran m\u00e1s debates.<\/p>\n<p style=\"text-align: justify;\">Respecto a los recursos para organizar el debate, el integrante del colegio se\u00f1al\u00f3 que se realiza con el apoyo de los integrantes del colegio y la iniciativa privada ha otorgado el espacio para el desarrollo del mismo.<\/p>\n","protected":false},"excerpt":{"rendered":"<p>Visitas: 0Los candidatos a la diputaci\u00f3n federal por el V distrito electoral debatir\u00e1n, los cinco aspirantes a este cargo de elecci\u00f3n popular confirmaron su participaci\u00f3n en el debate que organiza el Colegio de Comunicadores de Veracruz en coordinaci\u00f3n con el Instituto Nacional Electoral (INE). Jos\u00e9 Luis Navarro Arteaga, Integrante de la comisi\u00f3n organizadora del debate [&hellip;]<\/p>\n","protected":false},"author":2,"featured_media":165373,"comment_status":"open","ping_status":"open","sticky":false,"template":"","format":"standard","meta":{"footnotes":""},"categories":[299,213],"tags":[],"class_list":{"0":"post-165372","1":"post","2":"type-post","3":"status-publish","4":"format-standard","5":"has-post-thumbnail","7":"category-notas-locales","8":"category-poza-rica"},"nelio_content":{"isAutoShareEnabled":true,"autoShareEndMode":"never","automationSources":{"useCustomSentences":false,"customSentences":[]},"followers":[],"suggestedReferences":[],"efiUrl":"","efiAlt":"","highlights":[],"permalinkQueryArgs":[],"series":[]},"_links":{"self":[{"href":"https:\/\/www.enteratever.com\/2023\/wp-json\/wp\/v2\/posts\/165372","targetHints":{"allow":["GET"]}}],"collection":[{"href":"https:\/\/www.enteratever.com\/2023\/wp-json\/wp\/v2\/posts"}],"about":[{"href":"https:\/\/www.enteratever.com\/2023\/wp-json\/wp\/v2\/types\/post"}],"author":[{"embeddable":true,"href":"https:\/\/www.enteratever.com\/2023\/wp-json\/wp\/v2\/users\/2"}],"replies":[{"embeddable":true,"href":"https:\/\/www.enteratever.com\/2023\/wp-json\/wp\/v2\/comments?post=165372"}],"version-history":[{"count":0,"href":"https:\/\/www.enteratever.com\/2023\/wp-json\/wp\/v2\/posts\/165372\/revisions"}],"wp:featuredmedia":[{"embeddable":true,"href":"https:\/\/www.enteratever.com\/2023\/wp-json\/wp\/v2\/media\/165373"}],"wp:attachment":[{"href":"https:\/\/www.enteratever.com\/2023\/wp-json\/wp\/v2\/media?parent=165372"}],"wp:term":[{"taxonomy":"category","embeddable":true,"href":"https:\/\/www.enteratever.com\/2023\/wp-json\/wp\/v2\/categories?post=165372"},{"taxonomy":"post_tag","embeddable":true,"href":"https:\/\/www.enteratever.com\/2023\/wp-json\/wp\/v2\/tags?post=165372"}],"curies":[{"name":"wp","href":"https:\/\/api.w.org\/{rel}","templated":true}]}}