{"id":165340,"date":"2018-06-11T22:13:33","date_gmt":"2018-06-11T22:13:33","guid":{"rendered":"https:\/\/www.enteratever.com\/2023\/festival-de-la-diversidad-bonito-pero-insuficiente\/"},"modified":"2018-06-11T22:13:33","modified_gmt":"2018-06-11T22:13:33","slug":"festival-de-la-diversidad-bonito-pero-insuficiente","status":"publish","type":"post","link":"https:\/\/www.enteratever.com\/2023\/2018\/06\/11\/festival-de-la-diversidad-bonito-pero-insuficiente\/","title":{"rendered":"Festival de la diversidad, bonito pero insuficiente"},"content":{"rendered":"<p>Visitas: 0<\/p><p style=\"text-align: justify;\"><strong>Por: Luis Navarro Arteaga<\/strong><\/p>\n<p style=\"text-align: justify;\">\u201cMuy bonito que existan estos eventos, est\u00e1 muy bonito que existan un d\u00eda como hoy, que salgamos a la luz, se podr\u00eda decir\u2026pero yo lo que quiero son respuestas\u201d dijo la activista independiente en pro de los derechos de las mujeres trans y lesbianas, al arribar este lunes a la inauguraci\u00f3n del Festival de la Diversidad, organizado por las direcciones de Educaci\u00f3n, Cultura y Deporte y Desarrollo Social y Humano del ayuntamiento de Poza Rica.<\/p>\n<p style=\"text-align: justify;\">\u201cNo nada m\u00e1s decir: \u201cqu\u00e9 bonito est\u00e1\u201d y ponemos los colores y todos bien. No. Queremos respuestas\u201d reiter\u00f3. Adem\u00e1s, dijo que en las propias instituciones persiste la discriminaci\u00f3n en contra de las lesbianas y las mujeres trans y que en Veracruz estamos a a\u00f1os luz de que se modifique el Registro Civil para que se puedan regularizar las uniones entre personas del mismo sexo.<\/p>\n<p style=\"text-align: justify;\">En la entidad veracruzana, asegura, las mujeres sufren una doble discriminaci\u00f3n por parte de las autoridades, primero por pertenecer al g\u00e9nero y en segundo lugar por tener una preferencia sexual distinta a las de la mayor\u00eda.<\/p>\n<p style=\"text-align: justify;\">Sobre la inclusi\u00f3n del tema de la diversidad sexual en las plataformas pol\u00edticas de los candidatos al gobierno del estado menciona que se ha entrevistado con dos, pero un solamente la escuch\u00f3 y el otro \u201cme dijo, pues s\u00ed ah\u00ed est\u00e1n, pero nos falta mucho\u201d. Adem\u00e1s indic\u00f3 que el llamado \u201cvoto rosa\u201d va quedando un lado porque nunca se cumple lo que se le promete a la comunidad.<\/p>\n","protected":false},"excerpt":{"rendered":"<p>Lo que necesitamos son respuestas<\/p>\n","protected":false},"author":2,"featured_media":165341,"comment_status":"open","ping_status":"open","sticky":false,"template":"","format":"standard","meta":{"footnotes":""},"categories":[299,213],"tags":[],"class_list":{"0":"post-165340","1":"post","2":"type-post","3":"status-publish","4":"format-standard","5":"has-post-thumbnail","7":"category-notas-locales","8":"category-poza-rica"},"nelio_content":{"isAutoShareEnabled":true,"autoShareEndMode":"never","automationSources":{"useCustomSentences":false,"customSentences":[]},"followers":[],"suggestedReferences":[],"efiUrl":"","efiAlt":"","highlights":[],"permalinkQueryArgs":[],"series":[]},"_links":{"self":[{"href":"https:\/\/www.enteratever.com\/2023\/wp-json\/wp\/v2\/posts\/165340","targetHints":{"allow":["GET"]}}],"collection":[{"href":"https:\/\/www.enteratever.com\/2023\/wp-json\/wp\/v2\/posts"}],"about":[{"href":"https:\/\/www.enteratever.com\/2023\/wp-json\/wp\/v2\/types\/post"}],"author":[{"embeddable":true,"href":"https:\/\/www.enteratever.com\/2023\/wp-json\/wp\/v2\/users\/2"}],"replies":[{"embeddable":true,"href":"https:\/\/www.enteratever.com\/2023\/wp-json\/wp\/v2\/comments?post=165340"}],"version-history":[{"count":0,"href":"https:\/\/www.enteratever.com\/2023\/wp-json\/wp\/v2\/posts\/165340\/revisions"}],"wp:featuredmedia":[{"embeddable":true,"href":"https:\/\/www.enteratever.com\/2023\/wp-json\/wp\/v2\/media\/165341"}],"wp:attachment":[{"href":"https:\/\/www.enteratever.com\/2023\/wp-json\/wp\/v2\/media?parent=165340"}],"wp:term":[{"taxonomy":"category","embeddable":true,"href":"https:\/\/www.enteratever.com\/2023\/wp-json\/wp\/v2\/categories?post=165340"},{"taxonomy":"post_tag","embeddable":true,"href":"https:\/\/www.enteratever.com\/2023\/wp-json\/wp\/v2\/tags?post=165340"}],"curies":[{"name":"wp","href":"https:\/\/api.w.org\/{rel}","templated":true}]}}