{"id":165338,"date":"2018-06-11T21:59:15","date_gmt":"2018-06-11T21:59:15","guid":{"rendered":"https:\/\/www.enteratever.com\/2023\/servicio-nacional-de-empleo-firme-al-menos-a-final-del-ano\/"},"modified":"2018-06-11T21:59:15","modified_gmt":"2018-06-11T21:59:15","slug":"servicio-nacional-de-empleo-firme-al-menos-a-final-del-ano","status":"publish","type":"post","link":"https:\/\/www.enteratever.com\/2023\/2018\/06\/11\/servicio-nacional-de-empleo-firme-al-menos-a-final-del-ano\/","title":{"rendered":"Servicio Nacional de Empleo, firme al menos a final del a\u00f1o"},"content":{"rendered":"<p>Visitas: 0<\/p><p style=\"text-align: justify;\"><strong>Por: Luis Navarro Arteaga<\/strong><\/p>\n<p style=\"text-align: justify;\">Por lo menos en lo que resta del a\u00f1o, la oficina del Servicio Nacional de Empleo se mantendr\u00e1 abierta y ya ser\u00e1 el nuevo gobierno federal el que decida si la oficina, con casi treinta a\u00f1os de servicio, se cierra o contin\u00faa apoyando a la poblaci\u00f3n de Poza Rica y la regi\u00f3n.<\/p>\n<p style=\"text-align: justify;\">As\u00ed lo expresa el titular de esa oficina Manuel Antonio Gonz\u00e1lez Vargas, quien dijo que, contrario a lo que pas\u00f3 en 2017, cuando se intent\u00f3 cerrar el SNE, este a\u00f1o no hay incertidumbre, pues est\u00e1 claro que se va a trabajar hasta el final de la actual administraci\u00f3n federal, pero para 2019, se desconoce si vaya a continuar este programa o se cancele.<\/p>\n<p style=\"text-align: justify;\">Cabe recordar que en el primer semestre del a\u00f1o pasado, el gobierno de Enrique Pe\u00f1a Nieto, a trav\u00e9s de la Secretar\u00eda del Trabajo, anunci\u00f3 a los trabajadores del SNE que por recortes al presupuesto se hac\u00edan ajustes a la pol\u00edticas p\u00fablicas del \u00e1rea laboral y que era la oficina de Poza Rica una de las afectadas, por lo que se proceder\u00eda a cerrar.<\/p>\n<p style=\"text-align: justify;\">Por el momento la oficina sigue trabajando y ya preparan una feria del empleo para la ciudad de Tuxpan para el mes de julio y aunque no hay sedes para el evento ya se trabaja en ello, despu\u00e9s, asegur\u00f3 se realizar\u00e1 otra en Poza Rica.<\/p>\n","protected":false},"excerpt":{"rendered":"<p>Visitas: 0Por: Luis Navarro Arteaga Por lo menos en lo que resta del a\u00f1o, la oficina del Servicio Nacional de Empleo se mantendr\u00e1 abierta y ya ser\u00e1 el nuevo gobierno federal el que decida si la oficina, con casi treinta a\u00f1os de servicio, se cierra o contin\u00faa apoyando a la poblaci\u00f3n de Poza Rica y [&hellip;]<\/p>\n","protected":false},"author":2,"featured_media":165339,"comment_status":"open","ping_status":"open","sticky":false,"template":"","format":"standard","meta":{"footnotes":""},"categories":[299,213],"tags":[],"class_list":{"0":"post-165338","1":"post","2":"type-post","3":"status-publish","4":"format-standard","5":"has-post-thumbnail","7":"category-notas-locales","8":"category-poza-rica"},"nelio_content":{"isAutoShareEnabled":true,"autoShareEndMode":"never","automationSources":{"useCustomSentences":false,"customSentences":[]},"followers":[],"suggestedReferences":[],"efiUrl":"","efiAlt":"","highlights":[],"permalinkQueryArgs":[],"series":[]},"_links":{"self":[{"href":"https:\/\/www.enteratever.com\/2023\/wp-json\/wp\/v2\/posts\/165338","targetHints":{"allow":["GET"]}}],"collection":[{"href":"https:\/\/www.enteratever.com\/2023\/wp-json\/wp\/v2\/posts"}],"about":[{"href":"https:\/\/www.enteratever.com\/2023\/wp-json\/wp\/v2\/types\/post"}],"author":[{"embeddable":true,"href":"https:\/\/www.enteratever.com\/2023\/wp-json\/wp\/v2\/users\/2"}],"replies":[{"embeddable":true,"href":"https:\/\/www.enteratever.com\/2023\/wp-json\/wp\/v2\/comments?post=165338"}],"version-history":[{"count":0,"href":"https:\/\/www.enteratever.com\/2023\/wp-json\/wp\/v2\/posts\/165338\/revisions"}],"wp:featuredmedia":[{"embeddable":true,"href":"https:\/\/www.enteratever.com\/2023\/wp-json\/wp\/v2\/media\/165339"}],"wp:attachment":[{"href":"https:\/\/www.enteratever.com\/2023\/wp-json\/wp\/v2\/media?parent=165338"}],"wp:term":[{"taxonomy":"category","embeddable":true,"href":"https:\/\/www.enteratever.com\/2023\/wp-json\/wp\/v2\/categories?post=165338"},{"taxonomy":"post_tag","embeddable":true,"href":"https:\/\/www.enteratever.com\/2023\/wp-json\/wp\/v2\/tags?post=165338"}],"curies":[{"name":"wp","href":"https:\/\/api.w.org\/{rel}","templated":true}]}}