{"id":165318,"date":"2018-06-10T23:29:00","date_gmt":"2018-06-10T23:29:00","guid":{"rendered":"https:\/\/www.enteratever.com\/2023\/buscan-apoyos-para-migrantes\/"},"modified":"2018-06-10T23:29:00","modified_gmt":"2018-06-10T23:29:00","slug":"buscan-apoyos-para-migrantes","status":"publish","type":"post","link":"https:\/\/www.enteratever.com\/2023\/2018\/06\/10\/buscan-apoyos-para-migrantes\/","title":{"rendered":"Buscan apoyos para migrantes"},"content":{"rendered":"<p>Visitas: 0<\/p><h4>Por: Luis Navarro Arteaga<\/h4>\n<p style=\"text-align: justify;\">Se re\u00fanen migrantes del Estado de Veracruz con apoyo de la asociaci\u00f3n guanajuatense del estado de Texas y el departamento comunidades del consulado general de M\u00e9xico en San Antonio.<\/p>\n<p style=\"text-align: justify;\">Dicho encuentro se realiz\u00f3 en la ciudad texana y los objetivos fueron: Concretar la toma de nota para la formaci\u00f3n oficial de un club de veracruzanos en Texas donde se pretende lograr un enlace directo con la direcci\u00f3n general de atenci\u00f3n a migrantes para reforzar sus v\u00ednculos institucionales con la comunidad veracruzana en Texas y as\u00ed lograr un canci\u00f3n a las necesidades que se enfrentan a diario como: Promoci\u00f3n de servicios de salud, administrativos, gistro civil, educaci\u00f3n binacional e intercambios culturales, para que se refuerzan los lazos familiares y a su vez conozcan sus ra\u00edces mexicanas y tambi\u00e9n lograr mayor apoyo al programa de almas veracruzanas.<\/p>\n<p style=\"text-align: justify;\">Cabe se\u00f1alar que la organizaci\u00f3n del evento fue apoyada por Lolita Avina qui\u00e9n coordina la asociaci\u00f3n guanajuatense del estado de Texas, adem\u00e1s Ofelia Gonz\u00e1lez como representante del consulado general de M\u00e9xico en San Antonio y apoyado por Vani Ruano Mora, enlace interinstitucional Internacional de la Asociaci\u00f3n Veracruzana en el extranjero.<\/p>\n","protected":false},"excerpt":{"rendered":"<p>Visitas: 0Por: Luis Navarro Arteaga Se re\u00fanen migrantes del Estado de Veracruz con apoyo de la asociaci\u00f3n guanajuatense del estado de Texas y el departamento comunidades del consulado general de M\u00e9xico en San Antonio. Dicho encuentro se realiz\u00f3 en la ciudad texana y los objetivos fueron: Concretar la toma de nota para la formaci\u00f3n oficial [&hellip;]<\/p>\n","protected":false},"author":2,"featured_media":165319,"comment_status":"open","ping_status":"open","sticky":false,"template":"","format":"standard","meta":{"footnotes":""},"categories":[299,213],"tags":[],"class_list":{"0":"post-165318","1":"post","2":"type-post","3":"status-publish","4":"format-standard","5":"has-post-thumbnail","7":"category-notas-locales","8":"category-poza-rica"},"nelio_content":{"isAutoShareEnabled":true,"autoShareEndMode":"never","automationSources":{"useCustomSentences":false,"customSentences":[]},"followers":[],"suggestedReferences":[],"efiUrl":"","efiAlt":"","highlights":[],"permalinkQueryArgs":[],"series":[]},"_links":{"self":[{"href":"https:\/\/www.enteratever.com\/2023\/wp-json\/wp\/v2\/posts\/165318","targetHints":{"allow":["GET"]}}],"collection":[{"href":"https:\/\/www.enteratever.com\/2023\/wp-json\/wp\/v2\/posts"}],"about":[{"href":"https:\/\/www.enteratever.com\/2023\/wp-json\/wp\/v2\/types\/post"}],"author":[{"embeddable":true,"href":"https:\/\/www.enteratever.com\/2023\/wp-json\/wp\/v2\/users\/2"}],"replies":[{"embeddable":true,"href":"https:\/\/www.enteratever.com\/2023\/wp-json\/wp\/v2\/comments?post=165318"}],"version-history":[{"count":0,"href":"https:\/\/www.enteratever.com\/2023\/wp-json\/wp\/v2\/posts\/165318\/revisions"}],"wp:featuredmedia":[{"embeddable":true,"href":"https:\/\/www.enteratever.com\/2023\/wp-json\/wp\/v2\/media\/165319"}],"wp:attachment":[{"href":"https:\/\/www.enteratever.com\/2023\/wp-json\/wp\/v2\/media?parent=165318"}],"wp:term":[{"taxonomy":"category","embeddable":true,"href":"https:\/\/www.enteratever.com\/2023\/wp-json\/wp\/v2\/categories?post=165318"},{"taxonomy":"post_tag","embeddable":true,"href":"https:\/\/www.enteratever.com\/2023\/wp-json\/wp\/v2\/tags?post=165318"}],"curies":[{"name":"wp","href":"https:\/\/api.w.org\/{rel}","templated":true}]}}