{"id":165297,"date":"2018-06-09T02:29:48","date_gmt":"2018-06-09T02:29:48","guid":{"rendered":"https:\/\/www.enteratever.com\/2023\/clausuran-actividades-del-taller-libre-de-arte\/"},"modified":"2018-06-09T02:29:48","modified_gmt":"2018-06-09T02:29:48","slug":"clausuran-actividades-del-taller-libre-de-arte","status":"publish","type":"post","link":"https:\/\/www.enteratever.com\/2023\/2018\/06\/09\/clausuran-actividades-del-taller-libre-de-arte\/","title":{"rendered":"Clausuran actividades del Taller Libre de Arte"},"content":{"rendered":"<p>Visitas: 0<\/p><p><strong>Por: Luis Navarro Arteaga<\/strong><\/p>\n<p style=\"text-align: justify;\">M\u00e1s de 300 estudiantes de diferentes programas educativos participaron en la exposici\u00f3n y clausura del Taller Libre de Artes de Poza Rica que se realiz\u00f3 este jueves 7 de junio a las 17:00 horas, en la biblioteca de la USBI.<\/p>\n<p style=\"text-align: justify;\">La Mtra. Marisa Jim\u00e9nez Crist\u00f3bal encargada del Taller dio a conocer que participaron un promedio de 300 estudiantes de diferentes programas educativos y de la Licenciatura en Ense\u00f1anza de las Artes.<\/p>\n<p style=\"text-align: justify;\">Coment\u00f3 que se expondr\u00e1n trabajos realizados en las experiencias educativas: Danza contempor\u00e1nea, Canto coral, Dise\u00f1o b\u00e1sico, Geometr\u00eda y creatividad, Pintura y dibujo, Cer\u00e1mica, Composici\u00f3n y perspectiva, Identidad visual, Dise\u00f1o gr\u00e1fico e Historia del arte.<\/p>\n<p style=\"text-align: justify;\">Jim\u00e9nez Crist\u00f3bal mencion\u00f3 que las obras expuestas son el resultado del trabajo realizado a lo largo del semestre por los estudiantes en el taller.<\/p>\n<p style=\"text-align: justify;\">A la exposici\u00f3n acudieron los propios estudiantes y p\u00fablico en general para quienes admiraron las obras realizadas por los estudiantes en las diferentes experiencias educativas.<\/p>\n","protected":false},"excerpt":{"rendered":"<p>Visitas: 0Por: Luis Navarro Arteaga M\u00e1s de 300 estudiantes de diferentes programas educativos participaron en la exposici\u00f3n y clausura del Taller Libre de Artes de Poza Rica que se realiz\u00f3 este jueves 7 de junio a las 17:00 horas, en la biblioteca de la USBI. La Mtra. Marisa Jim\u00e9nez Crist\u00f3bal encargada del Taller dio a [&hellip;]<\/p>\n","protected":false},"author":2,"featured_media":165298,"comment_status":"open","ping_status":"open","sticky":false,"template":"","format":"standard","meta":{"footnotes":""},"categories":[299,213],"tags":[],"class_list":{"0":"post-165297","1":"post","2":"type-post","3":"status-publish","4":"format-standard","5":"has-post-thumbnail","7":"category-notas-locales","8":"category-poza-rica"},"nelio_content":{"isAutoShareEnabled":true,"autoShareEndMode":"never","automationSources":{"useCustomSentences":false,"customSentences":[]},"followers":[],"suggestedReferences":[],"efiUrl":"","efiAlt":"","highlights":[],"permalinkQueryArgs":[],"series":[]},"_links":{"self":[{"href":"https:\/\/www.enteratever.com\/2023\/wp-json\/wp\/v2\/posts\/165297","targetHints":{"allow":["GET"]}}],"collection":[{"href":"https:\/\/www.enteratever.com\/2023\/wp-json\/wp\/v2\/posts"}],"about":[{"href":"https:\/\/www.enteratever.com\/2023\/wp-json\/wp\/v2\/types\/post"}],"author":[{"embeddable":true,"href":"https:\/\/www.enteratever.com\/2023\/wp-json\/wp\/v2\/users\/2"}],"replies":[{"embeddable":true,"href":"https:\/\/www.enteratever.com\/2023\/wp-json\/wp\/v2\/comments?post=165297"}],"version-history":[{"count":0,"href":"https:\/\/www.enteratever.com\/2023\/wp-json\/wp\/v2\/posts\/165297\/revisions"}],"wp:featuredmedia":[{"embeddable":true,"href":"https:\/\/www.enteratever.com\/2023\/wp-json\/wp\/v2\/media\/165298"}],"wp:attachment":[{"href":"https:\/\/www.enteratever.com\/2023\/wp-json\/wp\/v2\/media?parent=165297"}],"wp:term":[{"taxonomy":"category","embeddable":true,"href":"https:\/\/www.enteratever.com\/2023\/wp-json\/wp\/v2\/categories?post=165297"},{"taxonomy":"post_tag","embeddable":true,"href":"https:\/\/www.enteratever.com\/2023\/wp-json\/wp\/v2\/tags?post=165297"}],"curies":[{"name":"wp","href":"https:\/\/api.w.org\/{rel}","templated":true}]}}