{"id":165099,"date":"2018-05-24T00:08:43","date_gmt":"2018-05-24T00:08:43","guid":{"rendered":"https:\/\/www.enteratever.com\/2023\/preocupa-a-ceapp-proceso-electoral-periodistas-deben-acatar-protocolos-de-seguridad\/"},"modified":"2018-05-24T00:08:43","modified_gmt":"2018-05-24T00:08:43","slug":"preocupa-a-ceapp-proceso-electoral-periodistas-deben-acatar-protocolos-de-seguridad","status":"publish","type":"post","link":"https:\/\/www.enteratever.com\/2023\/2018\/05\/24\/preocupa-a-ceapp-proceso-electoral-periodistas-deben-acatar-protocolos-de-seguridad\/","title":{"rendered":"Preocupa a CEAPP proceso electoral, periodistas deben acatar protocolos de seguridad"},"content":{"rendered":"<p>Visitas: 1<\/p><p style=\"text-align: justify;\">El proceso electoral del 1 de julio representa un mayor riesgo para los periodistas veracruzanos que los de los a\u00f1os anteriores, debido a que se est\u00e1 viendo una expansi\u00f3n de la actividad delictiva, a la fecha la Comisi\u00f3n Estatal para la Atenci\u00f3n y Protecci\u00f3n de los Periodistas (CEAPP) solo se tienen tres casos de periodistas que han sufrido agresiones relacionadas con las campa\u00f1as pol\u00edticas, afirm\u00f3 Jorge Morales, Secretario Ejecutivo de la CEAPP.<\/p>\n<p style=\"text-align: justify;\">El problema de inseguridad es en todo el estado, la misma corporaci\u00f3n de seguridad no se da abasto, por lo que el d\u00eda de las elecciones que mucha gente recorre las casillas, est\u00e1n realizando operaciones, ojal\u00e1 no se d\u00e9 pero si es preocupante dijo.<\/p>\n<p style=\"text-align: justify;\">Los casos que se tienen no son graves, se tienen tres registrados relacionados con el proceso electoral, son por hostigamiento algunos de estos a trav\u00e9s de redes sociales y agresiones se han presentado en Veracruz, Misantla y Mart\u00ednez de la Torre \u00abnos preocupa de este proceso que se den las malas pr\u00e1cticas de coacci\u00f3n al voto cuando los periodistas lleguen hacer alguna cobertura pueda detonar alg\u00fan conflicto\u00bb, agreg\u00f3.<\/p>\n<p style=\"text-align: justify;\">Se hizo ya un pronunciamiento sobre este tema se le pidi\u00f3 al Organismo P\u00fablico Local Electoral (OPLE) y a los Partidos Pol\u00edticos respeto para que los periodistas puedan ejercer libremente su labor, se buscar\u00e1 realizar acuerdos con el OPLE para hacer nuevamente un exhorto generalizado, para que la cobertura se haga y cuando sean testigos de alg\u00fan hecho no los vayan agredir o los vayan a privar de la libertad, en a\u00f1os anteriores si se han tenido casos, afirm\u00f3.<\/p>\n<p style=\"text-align: justify;\">Evitar que esto suceda es muy dif\u00edcil, pero los exhortos a los involucrados, seguir los protocolos de seguridad y que los medios de comunicaci\u00f3n cuiden a su personal que tengan un esquema interno para que sepan ellos donde est\u00e1n sus reporteros \u00abnosotros podemos reaccionar en tiempo real para poder auxiliar a un periodista\u00bb, sostuvo.<\/p>\n<p style=\"text-align: justify;\">A\u00f1adi\u00f3 que se tienen solo una queja de personas que trabajan para Gobierno del Estado que se hicieron pasar por periodistas en una reciente visita de Andr\u00e9s Manuel L\u00f3pez Obrador, Candidato de Morena a Veracruz, sin embargo, no existe tal medio aunque ellos aseguraban que estaban ejerciendo una labor de periodistas; se desconocen los motivos por los cuales estaban en el lugar.<\/p>\n<p style=\"text-align: justify;\">\u00abNo tiene que estar matando a periodistas para que haya un problema visible, en muchas regiones los compa\u00f1eros dice ya no hablo de este alcalde, diputado o candidato, ya no toco el tema los que roban combustible porque sabemos que ellos son o est\u00e1n involucrados en la delincuencia, eso se llama autocensura\u00bb, sostuvo.<\/p>\n<p style=\"text-align: justify;\">El periodista ya no p\u00fablica y por eso quiz\u00e1 dijo ya no existen muertes, pero se est\u00e1 expandiendo la autocensura, los mismos periodistas conocen el riesgo que corren cuando escriben sobre un tema y prefieren no mencionar datos que pueda generar que su vida est\u00e9 en peligro.<\/p>\n","protected":false},"excerpt":{"rendered":"<p>La autocensura es un fen\u00f3meno que se ha expandido entre los comunicadores.<\/p>\n","protected":false},"author":6,"featured_media":165100,"comment_status":"open","ping_status":"open","sticky":false,"template":"","format":"standard","meta":{"footnotes":""},"categories":[213],"tags":[],"class_list":{"0":"post-165099","1":"post","2":"type-post","3":"status-publish","4":"format-standard","5":"has-post-thumbnail","7":"category-poza-rica"},"nelio_content":{"isAutoShareEnabled":true,"autoShareEndMode":"never","automationSources":{"useCustomSentences":false,"customSentences":[]},"followers":[],"suggestedReferences":[],"efiUrl":"","efiAlt":"","highlights":[],"permalinkQueryArgs":[],"series":[]},"_links":{"self":[{"href":"https:\/\/www.enteratever.com\/2023\/wp-json\/wp\/v2\/posts\/165099","targetHints":{"allow":["GET"]}}],"collection":[{"href":"https:\/\/www.enteratever.com\/2023\/wp-json\/wp\/v2\/posts"}],"about":[{"href":"https:\/\/www.enteratever.com\/2023\/wp-json\/wp\/v2\/types\/post"}],"author":[{"embeddable":true,"href":"https:\/\/www.enteratever.com\/2023\/wp-json\/wp\/v2\/users\/6"}],"replies":[{"embeddable":true,"href":"https:\/\/www.enteratever.com\/2023\/wp-json\/wp\/v2\/comments?post=165099"}],"version-history":[{"count":0,"href":"https:\/\/www.enteratever.com\/2023\/wp-json\/wp\/v2\/posts\/165099\/revisions"}],"wp:featuredmedia":[{"embeddable":true,"href":"https:\/\/www.enteratever.com\/2023\/wp-json\/wp\/v2\/media\/165100"}],"wp:attachment":[{"href":"https:\/\/www.enteratever.com\/2023\/wp-json\/wp\/v2\/media?parent=165099"}],"wp:term":[{"taxonomy":"category","embeddable":true,"href":"https:\/\/www.enteratever.com\/2023\/wp-json\/wp\/v2\/categories?post=165099"},{"taxonomy":"post_tag","embeddable":true,"href":"https:\/\/www.enteratever.com\/2023\/wp-json\/wp\/v2\/tags?post=165099"}],"curies":[{"name":"wp","href":"https:\/\/api.w.org\/{rel}","templated":true}]}}