{"id":164870,"date":"2018-04-24T23:50:13","date_gmt":"2018-04-24T23:50:13","guid":{"rendered":"https:\/\/www.enteratever.com\/2023\/paralibros-celebrara-el-dia-del-libro-en-poza-rica\/"},"modified":"2018-04-24T23:50:13","modified_gmt":"2018-04-24T23:50:13","slug":"paralibros-celebrara-el-dia-del-libro-en-poza-rica","status":"publish","type":"post","link":"https:\/\/www.enteratever.com\/2023\/2018\/04\/24\/paralibros-celebrara-el-dia-del-libro-en-poza-rica\/","title":{"rendered":"Paralibros celebrar\u00e1 el D\u00eda del Libro en Poza Rica"},"content":{"rendered":"<p>Visitas: 2<\/p><p style=\"text-align: justify;\">El Paralibros Poza Rica celebrar\u00e1 el D\u00eda Internacional del Libro y Los Derechos de Autor este mi\u00e9rcoles 25 de abril, se compartir\u00e1n lecturas con los ciudadanos para incentivarlos a que lean, la din\u00e1mica se realizar\u00e1 en el parque Benito Ju\u00e1rez de esta ciudad, revel\u00f3 Jos\u00e9 Luis Navarro Artega, Mediador de Lectura.<\/p>\n<p style=\"text-align: justify;\">Es importante dijo fomentar la lectura en los j\u00f3venes, las instituciones tienen este gran papel, pero es indispensable saber qu\u00e9 tipo de lecturas deben conocer \u00abmuchas veces se enfrentan a libros que no est\u00e1n preparado, los libros son como las personas, hay personas con las que pueden hablar de ciertos temas pero con otras no porque no tienen el bagaje cultural\u00bb, agreg\u00f3.<\/p>\n<p style=\"text-align: justify;\">Lo ideas es que desde ni\u00f1os se fomente la lectura con libros que sean interesantes para su edad o con comic, muchas veces quieren que se lean los cl\u00e1sicos, se debe leer pero a su debido tiempo.<\/p>\n<p style=\"text-align: justify;\">En el marco de la celebraci\u00f3n del D\u00eda del Libro la din\u00e1mica se realizar\u00e1 con estudiantes y la maestra In\u00e9s Mej\u00eda, ser\u00e1n lecturas muy breves de Juan Jos\u00e9 Areola con motivo de su centenario que se celebra este a\u00f1o, recalc\u00f3 que el D\u00eda Internacional del Libro y los Derechos de Autor se conmemora el 23 de abril.<\/p>\n<p style=\"text-align: justify;\">Se\u00f1al\u00f3 que se abordar\u00e1 a las personas que se encuentren sentadas o caminando por el parque Benito Ju\u00e1rez y se compartir\u00e1 con ellos textos, esa ser\u00e1 la celebraci\u00f3n.<\/p>\n<p style=\"text-align: justify;\">En el primer trimestre del a\u00f1o m\u00e1s de 300 lectores se han acercado al espacio de lectura para leer un libro, la cifra es baja comparada con otros a\u00f1os pero tienen que ver tambi\u00e9n con se han tenido d\u00edas lluviosos y fr\u00edos durante los primeros meses del a\u00f1o.<\/p>\n<p style=\"text-align: justify;\">Sin embargo, dijo lo que no se ha movido es que en la categor\u00eda de ni\u00f1os son las ni\u00f1as las que m\u00e1s leen, en los j\u00f3venes tienen el mismo inter\u00e9s, mientras que en los adultos mayores son los hombre los que leen m\u00e1s.<\/p>\n<p style=\"text-align: justify;\">A\u00f1adi\u00f3 que en M\u00e9xico si se lee y hay inter\u00e9s pero el precio es un factor importante, existen personas que no cuentan con los recursos econ\u00f3micos para adquirir obras, el Paralibros est\u00e1 creado para prestar libros sin costo y de esta forma fomentar la lectura.<\/p>\n<p style=\"text-align: justify;\">\u00abS\u00ed son caros los libros, si hubiera precios accesibles si hubiera precios accesibles la gente pudiera acercarse mucho m\u00e1s a la lectura\u00bb agreg\u00f3.<\/p>\n","protected":false},"excerpt":{"rendered":"<p>Visitas: 2El Paralibros Poza Rica celebrar\u00e1 el D\u00eda Internacional del Libro y Los Derechos de Autor este mi\u00e9rcoles 25 de abril, se compartir\u00e1n lecturas con los ciudadanos para incentivarlos a que lean, la din\u00e1mica se realizar\u00e1 en el parque Benito Ju\u00e1rez de esta ciudad, revel\u00f3 Jos\u00e9 Luis Navarro Artega, Mediador de Lectura. Es importante dijo [&hellip;]<\/p>\n","protected":false},"author":6,"featured_media":164871,"comment_status":"open","ping_status":"open","sticky":false,"template":"","format":"standard","meta":{"footnotes":""},"categories":[299,213],"tags":[],"class_list":{"0":"post-164870","1":"post","2":"type-post","3":"status-publish","4":"format-standard","5":"has-post-thumbnail","7":"category-notas-locales","8":"category-poza-rica"},"nelio_content":{"isAutoShareEnabled":true,"autoShareEndMode":"never","automationSources":{"useCustomSentences":false,"customSentences":[]},"followers":[],"suggestedReferences":[],"efiUrl":"","efiAlt":"","highlights":[],"permalinkQueryArgs":[],"series":[]},"_links":{"self":[{"href":"https:\/\/www.enteratever.com\/2023\/wp-json\/wp\/v2\/posts\/164870","targetHints":{"allow":["GET"]}}],"collection":[{"href":"https:\/\/www.enteratever.com\/2023\/wp-json\/wp\/v2\/posts"}],"about":[{"href":"https:\/\/www.enteratever.com\/2023\/wp-json\/wp\/v2\/types\/post"}],"author":[{"embeddable":true,"href":"https:\/\/www.enteratever.com\/2023\/wp-json\/wp\/v2\/users\/6"}],"replies":[{"embeddable":true,"href":"https:\/\/www.enteratever.com\/2023\/wp-json\/wp\/v2\/comments?post=164870"}],"version-history":[{"count":0,"href":"https:\/\/www.enteratever.com\/2023\/wp-json\/wp\/v2\/posts\/164870\/revisions"}],"wp:featuredmedia":[{"embeddable":true,"href":"https:\/\/www.enteratever.com\/2023\/wp-json\/wp\/v2\/media\/164871"}],"wp:attachment":[{"href":"https:\/\/www.enteratever.com\/2023\/wp-json\/wp\/v2\/media?parent=164870"}],"wp:term":[{"taxonomy":"category","embeddable":true,"href":"https:\/\/www.enteratever.com\/2023\/wp-json\/wp\/v2\/categories?post=164870"},{"taxonomy":"post_tag","embeddable":true,"href":"https:\/\/www.enteratever.com\/2023\/wp-json\/wp\/v2\/tags?post=164870"}],"curies":[{"name":"wp","href":"https:\/\/api.w.org\/{rel}","templated":true}]}}