{"id":164686,"date":"2018-03-23T15:00:53","date_gmt":"2018-03-23T15:00:53","guid":{"rendered":"https:\/\/www.enteratever.com\/2023\/pagan-el-programa-veracruz-inicia-con-las-mujeres-en-poza-rica\/"},"modified":"2018-03-23T15:00:53","modified_gmt":"2018-03-23T15:00:53","slug":"pagan-el-programa-veracruz-inicia-con-las-mujeres-en-poza-rica","status":"publish","type":"post","link":"https:\/\/www.enteratever.com\/2023\/2018\/03\/23\/pagan-el-programa-veracruz-inicia-con-las-mujeres-en-poza-rica\/","title":{"rendered":"Pagan el Programa \u00abVeracruz inicia con las Mujeres\u00bb en Poza Rica"},"content":{"rendered":"<p>Visitas: 1<\/p><p style=\"text-align: justify;\"><strong>Por: Pablo Espidio | Enteratever.com<\/strong><\/p>\n<p style=\"text-align: justify;\">Se realiz\u00f3 el pago del Programa \u00abVeracruz inicia con las Mujeres\u00bb, el cual tiene el objetivo de apoyar a las ciudadanas de colonias m\u00e1s necesitadas de la ciudad de Poza Rica.<\/p>\n<p style=\"text-align: justify;\">David Rivas, de la jefatura de programas y atenci\u00f3n social comenta que las personas que llevan el proyecto por medio de una aplicaci\u00f3n pueden saber que colonias y mujeres pueden formar pararte del programa.<\/p>\n<p style=\"text-align: justify;\">Al igual habl\u00f3 sobre el Programa \u00abVeracruz Comienza Contigo\u00bb, el cual busca apoyar a las colonias del municipio que se encuentran en estado extremo de marginaci\u00f3n.<\/p>\n<p style=\"text-align: justify;\">Se sabe que hasta el momento las colonias que est\u00e1n dentro del programa son: Vicente Herrera, Fausto D\u00e1vila y La Quebradora, son algunas de las colonias que est\u00e1n en este proyecto, ya que muchas de estas no cuentan con los servicios b\u00e1sicos.<\/p>\n<p style=\"text-align: justify;\">Por \u00faltimo mencion\u00f3 que el d\u00eda 23 de marzo se estar\u00e1 realizando el pago de las becas del Ramo 033 a todos aquellos que pertenecen a este programa.<\/p>\n","protected":false},"excerpt":{"rendered":"<p>Visitas: 1Por: Pablo Espidio | Enteratever.com Se realiz\u00f3 el pago del Programa \u00abVeracruz inicia con las Mujeres\u00bb, el cual tiene el objetivo de apoyar a las ciudadanas de colonias m\u00e1s necesitadas de la ciudad de Poza Rica. David Rivas, de la jefatura de programas y atenci\u00f3n social comenta que las personas que llevan el proyecto [&hellip;]<\/p>\n","protected":false},"author":4,"featured_media":164687,"comment_status":"open","ping_status":"open","sticky":false,"template":"","format":"standard","meta":{"footnotes":""},"categories":[299,213],"tags":[],"class_list":{"0":"post-164686","1":"post","2":"type-post","3":"status-publish","4":"format-standard","5":"has-post-thumbnail","7":"category-notas-locales","8":"category-poza-rica"},"nelio_content":{"isAutoShareEnabled":true,"autoShareEndMode":"never","automationSources":{"useCustomSentences":false,"customSentences":[]},"followers":[],"suggestedReferences":[],"efiUrl":"","efiAlt":"","highlights":[],"permalinkQueryArgs":[],"series":[]},"_links":{"self":[{"href":"https:\/\/www.enteratever.com\/2023\/wp-json\/wp\/v2\/posts\/164686","targetHints":{"allow":["GET"]}}],"collection":[{"href":"https:\/\/www.enteratever.com\/2023\/wp-json\/wp\/v2\/posts"}],"about":[{"href":"https:\/\/www.enteratever.com\/2023\/wp-json\/wp\/v2\/types\/post"}],"author":[{"embeddable":true,"href":"https:\/\/www.enteratever.com\/2023\/wp-json\/wp\/v2\/users\/4"}],"replies":[{"embeddable":true,"href":"https:\/\/www.enteratever.com\/2023\/wp-json\/wp\/v2\/comments?post=164686"}],"version-history":[{"count":0,"href":"https:\/\/www.enteratever.com\/2023\/wp-json\/wp\/v2\/posts\/164686\/revisions"}],"wp:featuredmedia":[{"embeddable":true,"href":"https:\/\/www.enteratever.com\/2023\/wp-json\/wp\/v2\/media\/164687"}],"wp:attachment":[{"href":"https:\/\/www.enteratever.com\/2023\/wp-json\/wp\/v2\/media?parent=164686"}],"wp:term":[{"taxonomy":"category","embeddable":true,"href":"https:\/\/www.enteratever.com\/2023\/wp-json\/wp\/v2\/categories?post=164686"},{"taxonomy":"post_tag","embeddable":true,"href":"https:\/\/www.enteratever.com\/2023\/wp-json\/wp\/v2\/tags?post=164686"}],"curies":[{"name":"wp","href":"https:\/\/api.w.org\/{rel}","templated":true}]}}