{"id":164682,"date":"2018-03-23T17:01:02","date_gmt":"2018-03-23T17:01:02","guid":{"rendered":"https:\/\/www.enteratever.com\/2023\/conmemoran-el-50-aniversario-de-las-telesecundarias\/"},"modified":"2018-03-23T17:01:02","modified_gmt":"2018-03-23T17:01:02","slug":"conmemoran-el-50-aniversario-de-las-telesecundarias","status":"publish","type":"post","link":"https:\/\/www.enteratever.com\/2023\/2018\/03\/23\/conmemoran-el-50-aniversario-de-las-telesecundarias\/","title":{"rendered":"Conmemoran el 50 aniversario de las Telesecundarias"},"content":{"rendered":"<p>Visitas: 1<\/p><p style=\"text-align: justify;\"><strong>Por: Pablo Espidio | Enteratever.com<\/strong><\/p>\n<p style=\"text-align: justify;\">Maestros de diferentes escuelas telesecundarias del municipio de Poza Rica marcharon hasta la explanada del Parque Benito Ju\u00e1rez para celebrar los 50 a\u00f1os de telesecundarias.<\/p>\n<p style=\"text-align: justify;\">Fueron alrededor de 879 maestros los que estuvieron participando en la celebraci\u00f3n por los 50 a\u00f1os de las telesecundarias, coment\u00f3 Jos\u00e9 Luis Guzm\u00e1n Gonz\u00e1les, Supervisor Escolar de la zona 29.<\/p>\n<p style=\"text-align: justify;\">Se sabe que en la regi\u00f3n existen un aproximado de m\u00e1s de mil planteles educativos dentro de las 7 zonas escolares.<\/p>\n<p style=\"text-align: justify;\">Durante el evento se estuvieron entregando reconocimientos a los profesores que participaron en los diferentes torneos que organizaron para conmemorar los 50 aniversarios del sost\u00e9n educativo de telesecundarias y a los educadores con mayor trayectoria.<\/p>\n<p style=\"text-align: justify;\">Mencion\u00f3 que en la actualidad las escuelas telesecundarias han aumentado el numero de sus alumnos lo que ha generado que se tengan que ampliar las instalaciones de las instituciones edicativad.<\/p>\n<p style=\"text-align: justify;\">Por \u00faltimo se\u00f1al\u00f3 que este evento se realiz\u00f3 en todo el Estado de Veracruz, y record\u00f3 que hoy en d\u00eda las escuelas telesecundarias las cuales tienen un nivel igual o superior al de escuelas federales y t\u00e9cnicas.<\/p>\n","protected":false},"excerpt":{"rendered":"<p>Visitas: 1Por: Pablo Espidio | Enteratever.com Maestros de diferentes escuelas telesecundarias del municipio de Poza Rica marcharon hasta la explanada del Parque Benito Ju\u00e1rez para celebrar los 50 a\u00f1os de telesecundarias. Fueron alrededor de 879 maestros los que estuvieron participando en la celebraci\u00f3n por los 50 a\u00f1os de las telesecundarias, coment\u00f3 Jos\u00e9 Luis Guzm\u00e1n Gonz\u00e1les, [&hellip;]<\/p>\n","protected":false},"author":4,"featured_media":164683,"comment_status":"open","ping_status":"open","sticky":false,"template":"","format":"standard","meta":{"footnotes":""},"categories":[299,213],"tags":[],"class_list":{"0":"post-164682","1":"post","2":"type-post","3":"status-publish","4":"format-standard","5":"has-post-thumbnail","7":"category-notas-locales","8":"category-poza-rica"},"nelio_content":{"isAutoShareEnabled":true,"autoShareEndMode":"never","automationSources":{"useCustomSentences":false,"customSentences":[]},"followers":[],"suggestedReferences":[],"efiUrl":"","efiAlt":"","highlights":[],"permalinkQueryArgs":[],"series":[]},"_links":{"self":[{"href":"https:\/\/www.enteratever.com\/2023\/wp-json\/wp\/v2\/posts\/164682","targetHints":{"allow":["GET"]}}],"collection":[{"href":"https:\/\/www.enteratever.com\/2023\/wp-json\/wp\/v2\/posts"}],"about":[{"href":"https:\/\/www.enteratever.com\/2023\/wp-json\/wp\/v2\/types\/post"}],"author":[{"embeddable":true,"href":"https:\/\/www.enteratever.com\/2023\/wp-json\/wp\/v2\/users\/4"}],"replies":[{"embeddable":true,"href":"https:\/\/www.enteratever.com\/2023\/wp-json\/wp\/v2\/comments?post=164682"}],"version-history":[{"count":0,"href":"https:\/\/www.enteratever.com\/2023\/wp-json\/wp\/v2\/posts\/164682\/revisions"}],"wp:featuredmedia":[{"embeddable":true,"href":"https:\/\/www.enteratever.com\/2023\/wp-json\/wp\/v2\/media\/164683"}],"wp:attachment":[{"href":"https:\/\/www.enteratever.com\/2023\/wp-json\/wp\/v2\/media?parent=164682"}],"wp:term":[{"taxonomy":"category","embeddable":true,"href":"https:\/\/www.enteratever.com\/2023\/wp-json\/wp\/v2\/categories?post=164682"},{"taxonomy":"post_tag","embeddable":true,"href":"https:\/\/www.enteratever.com\/2023\/wp-json\/wp\/v2\/tags?post=164682"}],"curies":[{"name":"wp","href":"https:\/\/api.w.org\/{rel}","templated":true}]}}