{"id":164676,"date":"2018-03-22T17:48:08","date_gmt":"2018-03-22T17:48:08","guid":{"rendered":"https:\/\/www.enteratever.com\/2023\/padres-de-familia-demandan-un-domo-escolar\/"},"modified":"2018-03-22T17:48:08","modified_gmt":"2018-03-22T17:48:08","slug":"padres-de-familia-demandan-un-domo-escolar","status":"publish","type":"post","link":"https:\/\/www.enteratever.com\/2023\/2018\/03\/22\/padres-de-familia-demandan-un-domo-escolar\/","title":{"rendered":"Padres de familia demandan un domo escolar"},"content":{"rendered":"<p>Visitas: 1<\/p><p style=\"text-align: justify;\"><strong>Por: Pablo Espidio | Enteratever.com<\/strong><\/p>\n<p style=\"text-align: justify;\">Padres de familia solicitan un domo para la escuela Primaria Distribuidores Nissan de la colonia Agust\u00edn Lara, ya que comentan que durante la temporada de calor los ni\u00f1os tienen que salir a realizar sus actividades y el calor es muy fuerte.<\/p>\n<p style=\"text-align: justify;\">La se\u00f1ora Teresa L\u00f3pez quien pertenece al comite de padres de familia comentan que desde el 2012 han estado solicitando el domo pero no ten\u00edan una respuesta favorable para la escuela.<\/p>\n<p style=\"text-align: justify;\">Mencion\u00f3 que el actual regidor comisionado en educaci\u00f3n les dijo que estar\u00eda tomando en cuenta el caso ya que son varios a\u00f1os los que habitnates han solicitado el domo en la instituci\u00f3n.<\/p>\n<p style=\"text-align: justify;\">Comentan que ser\u00e1n varios ni\u00f1os beneficiados con el domo ya que durante la temporada de calor los m\u00e1s afectados son los menores ya que tienen que salir a su clase de educaci\u00f3n f\u00edsica.<\/p>\n<p style=\"text-align: justify;\">Por \u00faltimo esperan que en realidad se les tom\u00e9 en cuenta ya que son varios a\u00f1os en los que han venido al Ayuntamiento a solicitar pero no los tomaban en cuenta.<\/p>\n","protected":false},"excerpt":{"rendered":"<p>Visitas: 1Por: Pablo Espidio | Enteratever.com Padres de familia solicitan un domo para la escuela Primaria Distribuidores Nissan de la colonia Agust\u00edn Lara, ya que comentan que durante la temporada de calor los ni\u00f1os tienen que salir a realizar sus actividades y el calor es muy fuerte. La se\u00f1ora Teresa L\u00f3pez quien pertenece al comite [&hellip;]<\/p>\n","protected":false},"author":4,"featured_media":164677,"comment_status":"open","ping_status":"open","sticky":false,"template":"","format":"standard","meta":{"footnotes":""},"categories":[299,213],"tags":[],"class_list":{"0":"post-164676","1":"post","2":"type-post","3":"status-publish","4":"format-standard","5":"has-post-thumbnail","7":"category-notas-locales","8":"category-poza-rica"},"nelio_content":{"isAutoShareEnabled":true,"autoShareEndMode":"never","automationSources":{"useCustomSentences":false,"customSentences":[]},"followers":[],"suggestedReferences":[],"efiUrl":"","efiAlt":"","highlights":[],"permalinkQueryArgs":[],"series":[]},"_links":{"self":[{"href":"https:\/\/www.enteratever.com\/2023\/wp-json\/wp\/v2\/posts\/164676","targetHints":{"allow":["GET"]}}],"collection":[{"href":"https:\/\/www.enteratever.com\/2023\/wp-json\/wp\/v2\/posts"}],"about":[{"href":"https:\/\/www.enteratever.com\/2023\/wp-json\/wp\/v2\/types\/post"}],"author":[{"embeddable":true,"href":"https:\/\/www.enteratever.com\/2023\/wp-json\/wp\/v2\/users\/4"}],"replies":[{"embeddable":true,"href":"https:\/\/www.enteratever.com\/2023\/wp-json\/wp\/v2\/comments?post=164676"}],"version-history":[{"count":0,"href":"https:\/\/www.enteratever.com\/2023\/wp-json\/wp\/v2\/posts\/164676\/revisions"}],"wp:featuredmedia":[{"embeddable":true,"href":"https:\/\/www.enteratever.com\/2023\/wp-json\/wp\/v2\/media\/164677"}],"wp:attachment":[{"href":"https:\/\/www.enteratever.com\/2023\/wp-json\/wp\/v2\/media?parent=164676"}],"wp:term":[{"taxonomy":"category","embeddable":true,"href":"https:\/\/www.enteratever.com\/2023\/wp-json\/wp\/v2\/categories?post=164676"},{"taxonomy":"post_tag","embeddable":true,"href":"https:\/\/www.enteratever.com\/2023\/wp-json\/wp\/v2\/tags?post=164676"}],"curies":[{"name":"wp","href":"https:\/\/api.w.org\/{rel}","templated":true}]}}