{"id":164646,"date":"2018-03-18T15:45:47","date_gmt":"2018-03-18T15:45:47","guid":{"rendered":"https:\/\/www.enteratever.com\/2023\/desfile-matutino-del-18-de-marzo\/"},"modified":"2018-03-18T15:45:47","modified_gmt":"2018-03-18T15:45:47","slug":"desfile-matutino-del-18-de-marzo","status":"publish","type":"post","link":"https:\/\/www.enteratever.com\/2023\/2018\/03\/18\/desfile-matutino-del-18-de-marzo\/","title":{"rendered":"80 aniversario de la Expropiaci\u00f3n Petrolera en Poza Rica"},"content":{"rendered":"<p>Visitas: 5<\/p><p style=\"text-align: justify;\"><strong>Por: Pablo Espidio | Enteratever.com<\/strong><\/p>\n<p style=\"text-align: justify;\">Se llev\u00f3 a cabo el desfile conmemorativo del 80 aniversario de la Expropiaci\u00f3n Petrolera en el municipio de Poza Rica, donde instituciones educativas de los diferentes niveles educativos, departamentos del Gobierno Municipal y del personal de Petr\u00f3leos Mexicanos (Pemex) estuvieron participando.<\/p>\n<p style=\"text-align: justify;\">Fueron alrededor de cinco mil personas en 37 contingentes los que estuvieron participando en el desfile matutino, donde se presentaron algunos carros aleg\u00f3ricos, los cuales alegraron a la poblaci\u00f3n que desde las 9:00 horas estuvieron presentes.<\/p>\n<p style=\"text-align: justify;\">A partir de las 9:30 horas dio inicio el desfile c\u00edvico, encabezado por el Presidente Municipal Francisco Javier Vel\u00e1zquez Vallejo junto con su equipo de trabajo y el Secretario General de la Secci\u00f3n 30 del Sindicato de Trabajadores Petroleros de la Rep\u00fablica Mexicana (STPRM).<\/p>\n<p style=\"text-align: justify;\">Desde las 9:30 a las 13:00 horas, los ciudadanos que estuvieron presentes en el desfile pudieron apreciar de la participaci\u00f3n de los diferentes planteles educativos y de los departamentos de Pemex en el desfile c\u00edvico.<\/p>\n<p style=\"text-align: justify;\">Por otra parte a pesar de que ya se hab\u00eda dicho que el desfile terminar\u00eda en la calle Costa Rica de la colonia 27 de septiembre muchas de las personas que estuvieron presentes en el desfile matutino desconoc\u00edan del tema y se siguieron colocando a lo largo del boulevard Adolfo Ruiz Cortines.<\/p>\n<p style=\"text-align: justify;\">Durante el desfile se present\u00f3 el caso de una persona que sufri\u00f3 un desmayo, ya que durante la ma\u00f1ana el sol estaba muy fuerte y el calor era insoportable, en el recorrido matutino se tuvo la participaci\u00f3n de la polic\u00eda federal quien se encargaron de la seguridad de los asistentes al evento.<\/p>\n<p style=\"text-align: justify;\">En el desfile de vespertino ser\u00e1n 80 continentes los que estar\u00e1n participando en el desfile aleg\u00f3rico y que aumente la cantidad de personas que asistan al evento el cual ya es una tradici\u00f3n en la ciudad, al igual que incremente la seguridad en ciertos puntos del Boulevard Adolfo Ruiz Cortines, ya que en a\u00f1os anteriores se presentaron disturbios durante el desfile vespertino.<\/p>\n","protected":false},"excerpt":{"rendered":"<p>Visitas: 5Por: Pablo Espidio | Enteratever.com Se llev\u00f3 a cabo el desfile conmemorativo del 80 aniversario de la Expropiaci\u00f3n Petrolera en el municipio de Poza Rica, donde instituciones educativas de los diferentes niveles educativos, departamentos del Gobierno Municipal y del personal de Petr\u00f3leos Mexicanos (Pemex) estuvieron participando. Fueron alrededor de cinco mil personas en 37 [&hellip;]<\/p>\n","protected":false},"author":4,"featured_media":164647,"comment_status":"open","ping_status":"open","sticky":false,"template":"","format":"standard","meta":{"footnotes":""},"categories":[299,213],"tags":[],"class_list":{"0":"post-164646","1":"post","2":"type-post","3":"status-publish","4":"format-standard","5":"has-post-thumbnail","7":"category-notas-locales","8":"category-poza-rica"},"nelio_content":{"isAutoShareEnabled":true,"autoShareEndMode":"never","automationSources":{"useCustomSentences":false,"customSentences":[]},"followers":[],"suggestedReferences":[],"efiUrl":"","efiAlt":"","highlights":[],"permalinkQueryArgs":[],"series":[]},"_links":{"self":[{"href":"https:\/\/www.enteratever.com\/2023\/wp-json\/wp\/v2\/posts\/164646","targetHints":{"allow":["GET"]}}],"collection":[{"href":"https:\/\/www.enteratever.com\/2023\/wp-json\/wp\/v2\/posts"}],"about":[{"href":"https:\/\/www.enteratever.com\/2023\/wp-json\/wp\/v2\/types\/post"}],"author":[{"embeddable":true,"href":"https:\/\/www.enteratever.com\/2023\/wp-json\/wp\/v2\/users\/4"}],"replies":[{"embeddable":true,"href":"https:\/\/www.enteratever.com\/2023\/wp-json\/wp\/v2\/comments?post=164646"}],"version-history":[{"count":0,"href":"https:\/\/www.enteratever.com\/2023\/wp-json\/wp\/v2\/posts\/164646\/revisions"}],"wp:featuredmedia":[{"embeddable":true,"href":"https:\/\/www.enteratever.com\/2023\/wp-json\/wp\/v2\/media\/164647"}],"wp:attachment":[{"href":"https:\/\/www.enteratever.com\/2023\/wp-json\/wp\/v2\/media?parent=164646"}],"wp:term":[{"taxonomy":"category","embeddable":true,"href":"https:\/\/www.enteratever.com\/2023\/wp-json\/wp\/v2\/categories?post=164646"},{"taxonomy":"post_tag","embeddable":true,"href":"https:\/\/www.enteratever.com\/2023\/wp-json\/wp\/v2\/tags?post=164646"}],"curies":[{"name":"wp","href":"https:\/\/api.w.org\/{rel}","templated":true}]}}