{"id":164584,"date":"2018-03-10T17:21:42","date_gmt":"2018-03-10T17:21:42","guid":{"rendered":"https:\/\/www.enteratever.com\/2023\/poza-rica-de-las-ciudades-menos-competitivas\/"},"modified":"2018-03-10T17:21:42","modified_gmt":"2018-03-10T17:21:42","slug":"poza-rica-de-las-ciudades-menos-competitivas","status":"publish","type":"post","link":"https:\/\/www.enteratever.com\/2023\/2018\/03\/10\/poza-rica-de-las-ciudades-menos-competitivas\/","title":{"rendered":"Poza Rica de las ciudades menos competitivas"},"content":{"rendered":"<p>Visitas: 1<\/p><p style=\"text-align: justify;\"><strong>Por: Pablo Espidio | Enteratever.com<\/strong><\/p>\n<p style=\"text-align: justify;\">Se llev\u00f3 a cabo el congreso para el Desarrollo Econ\u00f3mico y Social de Cazones, Coatzintla, Papantla, Poza Rica, Tihuatl\u00e1n y Tuxpan, el cual busca crear estrategias empresariales para poder generar nuevos empleos e incrementar la econom\u00eda en la zona norte del Estado.<\/p>\n<p style=\"text-align: justify;\">El foro tuvo por objetivo presentar un diagn\u00f3stico de algunos estados que cuentan con una buena econom\u00eda actualmente, de sus situaci\u00f3n econ\u00f3mica de a\u00f1os anteriores, como se encuentran actualmente y que acciones emprendieron para alcanzar el \u00e9xito y cu\u00e1l es la tendencia en los pr\u00f3ximos a\u00f1os.<\/p>\n<p style=\"text-align: justify;\">Jos\u00e9 Alejandro de la Torre Tapia, Presidente de la C\u00e1mara Nacional de Comercio (Canaco) destac\u00f3, que de acuerdo al instituto mexicano de competitividad Poza Rica es la pen\u00faltima ciudad menos competitiva de las 74 ciudades analizadas, al igual coment\u00f3 que muchos de los j\u00f3venes egresados de las diferentes carreras emigran a otras ciudades.<\/p>\n<p style=\"text-align: justify;\">A trav\u00e9s de diferentes ponencias las cuales fueron impartidas a los empresarios de la ciudad para buscar la manera de crear nuevas estrategias para generar m\u00e1s empleos en la zona e impulsar el crecimiento econ\u00f3mico de los municipios.<\/p>\n<p style=\"text-align: justify;\">En el evento estuvieron presentes los presidentes municipales de los municipios de Poza Rica, Tihuatl\u00e1n, Coatzintla, Cazones y Papantla, en representaci\u00f3n del Gobernador del Estado, el Secretario de Desarrollo Econ\u00f3mico y Portuario del Estado de Veracruz (SEDECOP) Alejandro Zairick Morante.<\/p>\n","protected":false},"excerpt":{"rendered":"<p>Muchos j\u00f3venes emigran a otras ciudades en busca de oportunidades.<\/p>\n","protected":false},"author":4,"featured_media":164585,"comment_status":"open","ping_status":"open","sticky":false,"template":"","format":"standard","meta":{"footnotes":""},"categories":[299,213],"tags":[],"class_list":{"0":"post-164584","1":"post","2":"type-post","3":"status-publish","4":"format-standard","5":"has-post-thumbnail","7":"category-notas-locales","8":"category-poza-rica"},"nelio_content":{"isAutoShareEnabled":true,"autoShareEndMode":"never","automationSources":{"useCustomSentences":false,"customSentences":[]},"followers":[],"suggestedReferences":[],"efiUrl":"","efiAlt":"","highlights":[],"permalinkQueryArgs":[],"series":[]},"_links":{"self":[{"href":"https:\/\/www.enteratever.com\/2023\/wp-json\/wp\/v2\/posts\/164584","targetHints":{"allow":["GET"]}}],"collection":[{"href":"https:\/\/www.enteratever.com\/2023\/wp-json\/wp\/v2\/posts"}],"about":[{"href":"https:\/\/www.enteratever.com\/2023\/wp-json\/wp\/v2\/types\/post"}],"author":[{"embeddable":true,"href":"https:\/\/www.enteratever.com\/2023\/wp-json\/wp\/v2\/users\/4"}],"replies":[{"embeddable":true,"href":"https:\/\/www.enteratever.com\/2023\/wp-json\/wp\/v2\/comments?post=164584"}],"version-history":[{"count":0,"href":"https:\/\/www.enteratever.com\/2023\/wp-json\/wp\/v2\/posts\/164584\/revisions"}],"wp:featuredmedia":[{"embeddable":true,"href":"https:\/\/www.enteratever.com\/2023\/wp-json\/wp\/v2\/media\/164585"}],"wp:attachment":[{"href":"https:\/\/www.enteratever.com\/2023\/wp-json\/wp\/v2\/media?parent=164584"}],"wp:term":[{"taxonomy":"category","embeddable":true,"href":"https:\/\/www.enteratever.com\/2023\/wp-json\/wp\/v2\/categories?post=164584"},{"taxonomy":"post_tag","embeddable":true,"href":"https:\/\/www.enteratever.com\/2023\/wp-json\/wp\/v2\/tags?post=164584"}],"curies":[{"name":"wp","href":"https:\/\/api.w.org\/{rel}","templated":true}]}}