{"id":164580,"date":"2018-03-09T03:46:19","date_gmt":"2018-03-09T03:46:19","guid":{"rendered":"https:\/\/www.enteratever.com\/2023\/instalan-sistema-de-prevencion-atencion-sancion-y-atencion-de-la-erradicacion-de-la-violencia-en-poza-rica\/"},"modified":"2018-03-09T03:46:19","modified_gmt":"2018-03-09T03:46:19","slug":"instalan-sistema-de-prevencion-atencion-sancion-y-atencion-de-la-erradicacion-de-la-violencia-en-poza-rica","status":"publish","type":"post","link":"https:\/\/www.enteratever.com\/2023\/2018\/03\/09\/instalan-sistema-de-prevencion-atencion-sancion-y-atencion-de-la-erradicacion-de-la-violencia-en-poza-rica\/","title":{"rendered":"Instalan Sistema de Prevenci\u00f3n, Atenci\u00f3n, Sanci\u00f3n y Atenci\u00f3n de la Erradicaci\u00f3n de la Violencia en Poza Rica"},"content":{"rendered":"<p>Visitas: 0<\/p><p style=\"text-align: justify;\"><strong>Por: Pablo Espidio | Enteratever.com<\/strong><\/p>\n<p style=\"text-align: justify;\">Se conmemora el d\u00eda internacional de la mujer en Poza Rica, con la implementaci\u00f3n del Sistema de Prevenci\u00f3n, Atenci\u00f3n, Sanci\u00f3n y Erradicaci\u00f3n de la Violencia contra las mujeres, el cual buscan apoyar a todas aquellas mujeres que sufren de alg\u00fan tipo de violencia.<\/p>\n<p style=\"text-align: justify;\">En el evento la regidora sexta Mar\u00eda de la Luz Mora Alarc\u00f3n, comisionada en igualdad de g\u00e9nero destac\u00f3 que en M\u00e9xico cada d\u00eda mueren 7 mujeres por feminicidio, lo que es un gran problema, ya que la ciudad se sigue los casos de desapariciones de mujeres.<\/p>\n<p style=\"text-align: justify;\">Durante todo el d\u00eda se estar\u00e1n realizando diversas actividades en diferentes partes de la ciudad, para que la ciudadan\u00eda se sume a los proyectos que el Instituto Municipal de la Mujer (IMM) ha creado para empoderar a la mujer.<\/p>\n<p style=\"text-align: justify;\">En el marco de las actividades del d\u00eda internacional de la mujer se inaugur\u00f3 la feria de la mujer, en el domo de la Plaza C\u00edvica 18 de marzo, donde autoridades municipales se reunieron para dar inicio con esta expo.<\/p>\n<p style=\"text-align: justify;\">Magdalena Lara Fuerte, directora del Sistema DIF Municipal Poza Rica felicit\u00f3 a cada una de las mujeres que constantemente luchan por salir, reconoci\u00f3 el valor que cada una de ellas cuando dejan de callar y alzan la voz.<\/p>\n<p style=\"text-align: justify;\">Durante la feria se estuvieron impartiendo conferencias relativas al tema, al igual se instalaron m\u00f3dulos de atenci\u00f3n ciudadana para que las mujeres que est\u00e1n pasando por un problema de violencia o de desigualdad pudieran pedir ayuda y se establecieron stands para que mujeres puedan ofrecer sus productos que muchas de ellas realizan.<\/p>\n","protected":false},"excerpt":{"rendered":"<p>Visitas: 0Por: Pablo Espidio | Enteratever.com Se conmemora el d\u00eda internacional de la mujer en Poza Rica, con la implementaci\u00f3n del Sistema de Prevenci\u00f3n, Atenci\u00f3n, Sanci\u00f3n y Erradicaci\u00f3n de la Violencia contra las mujeres, el cual buscan apoyar a todas aquellas mujeres que sufren de alg\u00fan tipo de violencia. En el evento la regidora sexta [&hellip;]<\/p>\n","protected":false},"author":4,"featured_media":164581,"comment_status":"open","ping_status":"open","sticky":false,"template":"","format":"standard","meta":{"footnotes":""},"categories":[299,213],"tags":[],"class_list":{"0":"post-164580","1":"post","2":"type-post","3":"status-publish","4":"format-standard","5":"has-post-thumbnail","7":"category-notas-locales","8":"category-poza-rica"},"nelio_content":{"isAutoShareEnabled":true,"autoShareEndMode":"never","automationSources":{"useCustomSentences":false,"customSentences":[]},"followers":[],"suggestedReferences":[],"efiUrl":"","efiAlt":"","highlights":[],"permalinkQueryArgs":[],"series":[]},"_links":{"self":[{"href":"https:\/\/www.enteratever.com\/2023\/wp-json\/wp\/v2\/posts\/164580","targetHints":{"allow":["GET"]}}],"collection":[{"href":"https:\/\/www.enteratever.com\/2023\/wp-json\/wp\/v2\/posts"}],"about":[{"href":"https:\/\/www.enteratever.com\/2023\/wp-json\/wp\/v2\/types\/post"}],"author":[{"embeddable":true,"href":"https:\/\/www.enteratever.com\/2023\/wp-json\/wp\/v2\/users\/4"}],"replies":[{"embeddable":true,"href":"https:\/\/www.enteratever.com\/2023\/wp-json\/wp\/v2\/comments?post=164580"}],"version-history":[{"count":0,"href":"https:\/\/www.enteratever.com\/2023\/wp-json\/wp\/v2\/posts\/164580\/revisions"}],"wp:featuredmedia":[{"embeddable":true,"href":"https:\/\/www.enteratever.com\/2023\/wp-json\/wp\/v2\/media\/164581"}],"wp:attachment":[{"href":"https:\/\/www.enteratever.com\/2023\/wp-json\/wp\/v2\/media?parent=164580"}],"wp:term":[{"taxonomy":"category","embeddable":true,"href":"https:\/\/www.enteratever.com\/2023\/wp-json\/wp\/v2\/categories?post=164580"},{"taxonomy":"post_tag","embeddable":true,"href":"https:\/\/www.enteratever.com\/2023\/wp-json\/wp\/v2\/tags?post=164580"}],"curies":[{"name":"wp","href":"https:\/\/api.w.org\/{rel}","templated":true}]}}