{"id":164524,"date":"2018-03-02T15:35:11","date_gmt":"2018-03-02T15:35:11","guid":{"rendered":"https:\/\/www.enteratever.com\/2023\/inconformes-participantes-del-desfile-del-18-de-marzo\/"},"modified":"2018-03-02T15:35:11","modified_gmt":"2018-03-02T15:35:11","slug":"inconformes-participantes-del-desfile-del-18-de-marzo","status":"publish","type":"post","link":"https:\/\/www.enteratever.com\/2023\/2018\/03\/02\/inconformes-participantes-del-desfile-del-18-de-marzo\/","title":{"rendered":"Inconformes participantes del desfile del 18 de marzo"},"content":{"rendered":"<p>Visitas: 1<\/p><p style=\"text-align: justify;\"><strong>Por: Pablo Espidio | Enteratever.com<\/strong><\/p>\n<p style=\"text-align: justify;\">Directores de diferentes instituciones educativas y academias de danza se encuentran inconformes, ya que algunos de los participantes no cumplir\u00e1n con las tem\u00e1ticas que marca la convocatoria para el desfile del 18 de marzo.<\/p>\n<p style=\"text-align: justify;\">Durante la reuni\u00f3n que realizaron los organizadores del desfile con directores y de escuelas de danza, los cuales mostraron sus inconformidades con la hora a la que dar\u00e1 inicio el desfile aleg\u00f3rico, al igual porque algunos participantes no cumplen con la tem\u00e1tica del desfile conmemorativo de los 80 a\u00f1os de la expropiaci\u00f3n petrolera.<\/p>\n<p style=\"text-align: justify;\">Algunos docentes destacaron que ellos recibieron la convocatoria en el mes de enero y han estado trabajando en las coreograf\u00edas y vestuarios desde el a\u00f1o pasado y no pueden cambiar lo que ya llevan cuando faltan pocos d\u00edas para que se celebren las fiestas del petr\u00f3leo.<\/p>\n<p style=\"text-align: justify;\">Hicieron la petici\u00f3n que cuando se entregar\u00e1n la numeraci\u00f3n de como ir\u00e1n present\u00e1ndose durante el desfile pensar\u00e1n en aquellos que hacen el gasto de la contrataci\u00f3n de luminaria, ya que luego no pueden lucirse y que se les de tiempo de presentar su coreograf\u00eda, ya que a\u00f1os anteriores no pueden demostrar lo que con mucho tiempo de anticipaci\u00f3n han estado preparando.<\/p>\n<p style=\"text-align: justify;\">Durante el evento se ley\u00f3 las convocatorias para los desfiles matutino y vespertino, se se\u00f1al\u00f3 que las inscripciones son completamente gratuitas, para el desfile de la ma\u00f1ana los contingentes no pueden rebasar de 100 personas y para el desfile aleg\u00f3rico se estar\u00e1 calificando la coordinaci\u00f3n continuaci\u00f3n entre otros aspectos.<\/p>\n<p style=\"text-align: justify;\">Por \u00faltimo los organizadores del desfile de las fiestas del petr\u00f3leo invitaron a las escuelas, clubes deportivos, casas comerciales, asociaciones civiles y grupos independientes que no se han inscrito a formar parte de la fiesta m\u00e1s grande de la ciudad.<\/p>\n","protected":false},"excerpt":{"rendered":"<p>Visitas: 1Por: Pablo Espidio | Enteratever.com Directores de diferentes instituciones educativas y academias de danza se encuentran inconformes, ya que algunos de los participantes no cumplir\u00e1n con las tem\u00e1ticas que marca la convocatoria para el desfile del 18 de marzo. Durante la reuni\u00f3n que realizaron los organizadores del desfile con directores y de escuelas de [&hellip;]<\/p>\n","protected":false},"author":4,"featured_media":164525,"comment_status":"open","ping_status":"open","sticky":false,"template":"","format":"standard","meta":{"footnotes":""},"categories":[299,213],"tags":[],"class_list":{"0":"post-164524","1":"post","2":"type-post","3":"status-publish","4":"format-standard","5":"has-post-thumbnail","7":"category-notas-locales","8":"category-poza-rica"},"nelio_content":{"isAutoShareEnabled":true,"autoShareEndMode":"never","automationSources":{"useCustomSentences":false,"customSentences":[]},"followers":[],"suggestedReferences":[],"efiUrl":"","efiAlt":"","highlights":[],"permalinkQueryArgs":[],"series":[]},"_links":{"self":[{"href":"https:\/\/www.enteratever.com\/2023\/wp-json\/wp\/v2\/posts\/164524","targetHints":{"allow":["GET"]}}],"collection":[{"href":"https:\/\/www.enteratever.com\/2023\/wp-json\/wp\/v2\/posts"}],"about":[{"href":"https:\/\/www.enteratever.com\/2023\/wp-json\/wp\/v2\/types\/post"}],"author":[{"embeddable":true,"href":"https:\/\/www.enteratever.com\/2023\/wp-json\/wp\/v2\/users\/4"}],"replies":[{"embeddable":true,"href":"https:\/\/www.enteratever.com\/2023\/wp-json\/wp\/v2\/comments?post=164524"}],"version-history":[{"count":0,"href":"https:\/\/www.enteratever.com\/2023\/wp-json\/wp\/v2\/posts\/164524\/revisions"}],"wp:featuredmedia":[{"embeddable":true,"href":"https:\/\/www.enteratever.com\/2023\/wp-json\/wp\/v2\/media\/164525"}],"wp:attachment":[{"href":"https:\/\/www.enteratever.com\/2023\/wp-json\/wp\/v2\/media?parent=164524"}],"wp:term":[{"taxonomy":"category","embeddable":true,"href":"https:\/\/www.enteratever.com\/2023\/wp-json\/wp\/v2\/categories?post=164524"},{"taxonomy":"post_tag","embeddable":true,"href":"https:\/\/www.enteratever.com\/2023\/wp-json\/wp\/v2\/tags?post=164524"}],"curies":[{"name":"wp","href":"https:\/\/api.w.org\/{rel}","templated":true}]}}