{"id":164506,"date":"2018-02-28T22:09:57","date_gmt":"2018-02-28T22:09:57","guid":{"rendered":"https:\/\/www.enteratever.com\/2023\/casa-de-cultura-de-poza-rica-en-el-abandono\/"},"modified":"2018-02-28T22:09:57","modified_gmt":"2018-02-28T22:09:57","slug":"casa-de-cultura-de-poza-rica-en-el-abandono","status":"publish","type":"post","link":"https:\/\/www.enteratever.com\/2023\/2018\/02\/28\/casa-de-cultura-de-poza-rica-en-el-abandono\/","title":{"rendered":"Casa de Cultura de Poza Rica en el abandono"},"content":{"rendered":"<p>Visitas: 3<\/p><p style=\"text-align: justify;\"><strong>Por: Pablo Espidio | Enteratever.com<\/strong><\/p>\n<p style=\"text-align: justify;\">Casa de Cultura en el abandono, se requiere arreglar toda la infraestructura, ponerle duelas a los salones de danza, pintar las instalaciones, arreglar los jardines, que se vea como una escuela de artes.<\/p>\n<p style=\"text-align: justify;\">Estela Lucio C\u00e1zares, Directora de la Casa de Cultura de Poza Rica coment\u00f3 que el d\u00eda 15 de enero recibi\u00f3 la casa de cultura la cual se encuentra abandonada, se\u00f1al\u00f3 que este viene de administraciones pasadas, pero esta sigue funcionando.<\/p>\n<p style=\"text-align: justify;\">Destac\u00f3 que cualquiera contribuci\u00f3n de patronatos, privados o patrocinadores son bien recibidos para poder mejorar las instalaciones y mejorar la imagen de esta, porque todos somos responsables de Casa de Cultura y es la casa de la ciudad.<\/p>\n<p style=\"text-align: justify;\">Por otra parte mencion\u00f3 que constantemente se est\u00e1n realizando eventos para promover la Casa de Cultura, a trav\u00e9s de talleres, exposiciones, conciertos y contar con profesores bien preparados, con los cuales buscan incluir a toda la ciudadan\u00eda, en la ciudad hay mucho talento y con este tipo de actividades promueven el arte.<\/p>\n<p>Al igual expres\u00f3 que constantemente est\u00e1n generando varios proyectos como la orquesta de c\u00e1mara infantil, el coro de Poza Rica y la exposici\u00f3n de la colecci\u00f3n de pintores reconocidos de la Fundaci\u00f3n Pascual que se inaugurar\u00e1 el d\u00eda 12 de marzo.<\/p>\n","protected":false},"excerpt":{"rendered":"<p>Visitas: 3Por: Pablo Espidio | Enteratever.com Casa de Cultura en el abandono, se requiere arreglar toda la infraestructura, ponerle duelas a los salones de danza, pintar las instalaciones, arreglar los jardines, que se vea como una escuela de artes. Estela Lucio C\u00e1zares, Directora de la Casa de Cultura de Poza Rica coment\u00f3 que el d\u00eda [&hellip;]<\/p>\n","protected":false},"author":4,"featured_media":164507,"comment_status":"open","ping_status":"open","sticky":false,"template":"","format":"standard","meta":{"footnotes":""},"categories":[299,213],"tags":[],"class_list":{"0":"post-164506","1":"post","2":"type-post","3":"status-publish","4":"format-standard","5":"has-post-thumbnail","7":"category-notas-locales","8":"category-poza-rica"},"nelio_content":{"isAutoShareEnabled":true,"autoShareEndMode":"never","automationSources":{"useCustomSentences":false,"customSentences":[]},"followers":[],"suggestedReferences":[],"efiUrl":"","efiAlt":"","highlights":[],"permalinkQueryArgs":[],"series":[]},"_links":{"self":[{"href":"https:\/\/www.enteratever.com\/2023\/wp-json\/wp\/v2\/posts\/164506","targetHints":{"allow":["GET"]}}],"collection":[{"href":"https:\/\/www.enteratever.com\/2023\/wp-json\/wp\/v2\/posts"}],"about":[{"href":"https:\/\/www.enteratever.com\/2023\/wp-json\/wp\/v2\/types\/post"}],"author":[{"embeddable":true,"href":"https:\/\/www.enteratever.com\/2023\/wp-json\/wp\/v2\/users\/4"}],"replies":[{"embeddable":true,"href":"https:\/\/www.enteratever.com\/2023\/wp-json\/wp\/v2\/comments?post=164506"}],"version-history":[{"count":0,"href":"https:\/\/www.enteratever.com\/2023\/wp-json\/wp\/v2\/posts\/164506\/revisions"}],"wp:featuredmedia":[{"embeddable":true,"href":"https:\/\/www.enteratever.com\/2023\/wp-json\/wp\/v2\/media\/164507"}],"wp:attachment":[{"href":"https:\/\/www.enteratever.com\/2023\/wp-json\/wp\/v2\/media?parent=164506"}],"wp:term":[{"taxonomy":"category","embeddable":true,"href":"https:\/\/www.enteratever.com\/2023\/wp-json\/wp\/v2\/categories?post=164506"},{"taxonomy":"post_tag","embeddable":true,"href":"https:\/\/www.enteratever.com\/2023\/wp-json\/wp\/v2\/tags?post=164506"}],"curies":[{"name":"wp","href":"https:\/\/api.w.org\/{rel}","templated":true}]}}