{"id":164453,"date":"2018-02-21T14:00:13","date_gmt":"2018-02-21T14:00:13","guid":{"rendered":"https:\/\/www.enteratever.com\/2023\/no-se-vendera-alcohol-en-la-via-publica-en-del-desfile-18-de-marzo-en-poza-rica\/"},"modified":"2018-02-21T14:00:13","modified_gmt":"2018-02-21T14:00:13","slug":"no-se-vendera-alcohol-en-la-via-publica-en-del-desfile-18-de-marzo-en-poza-rica","status":"publish","type":"post","link":"https:\/\/www.enteratever.com\/2023\/2018\/02\/21\/no-se-vendera-alcohol-en-la-via-publica-en-del-desfile-18-de-marzo-en-poza-rica\/","title":{"rendered":"No se vender\u00e1 alcohol en la v\u00eda p\u00fablica en Desfile 18 de marzo en Poza Rica"},"content":{"rendered":"<p>Visitas: 1<\/p><p style=\"text-align: justify;\"><strong>Por: Pablo Espidio | Enteratever.com<\/strong><\/p>\n<p style=\"text-align: justify;\">No se permitir\u00e1 la venta de alcohol en la v\u00eda p\u00fablica y se regular\u00e1 a los vendedores ambulantes durante el Desfile del 18 de marzo en Poza Rica, conmemorativo de la Expropiaci\u00f3n Petrolera.<\/p>\n<p style=\"text-align: justify;\">El Comit\u00e9 Operativo del desfile del 18 de marzo se reuni\u00f3 este martes para exponer los puntos que deben ser supervisados para que el evento se lleve acabo en calma, durante el evento se destac\u00f3 el tema de seguridad y la invitaci\u00f3n a las escuelas para participen en las fiestas del petr\u00f3leo.<\/p>\n<p style=\"text-align: justify;\">No se vender\u00e1 alcohol en las v\u00edas p\u00fablicas durante el desfile, al igual se buscara una zona para que las personas que deseen vender no se atraviesen entre los contingentes que participan en el recorrido.<\/p>\n<p style=\"text-align: justify;\">Los integrantes del comit\u00e9 se encargar\u00e1n de la coordinaci\u00f3n, desarrollo y operaci\u00f3n del desfile 18 de marzo a trav\u00e9s de un plan operativo integral de todos los lineamientos establecidos.<\/p>\n<p style=\"text-align: justify;\">Durante la presentaci\u00f3n del Comit\u00e9 Julio Roberto Christfield Torres, Director de Prevenci\u00f3n del Delito, Polic\u00eda y C\u00e1rceles, se\u00f1al\u00f3 que se contar\u00e1 con el apoyo de dependencias como la Armada de M\u00e9xico, Polic\u00eda Estatal, Fuerza Civil, el Centro Estatal de Control, Comando, Comunicaciones y C\u00f3mputo (C4), Polic\u00eda Federal, ya que a\u00f1os anteriores se han presentado incidentes o actos de violencia.<\/p>\n<p style=\"text-align: justify;\">Christfield Torres, coment\u00f3 que durante los recorridos de los desfiles del 18 de marzo se estar\u00e1n ubicando a los agentes de seguridad ya que se tienen identificado en qu\u00e9 lugar suelen presentarse actos de violencia.<\/p>\n<p style=\"text-align: justify;\">Por otra parte se habl\u00f3 sobre los recorridos que se han realizado a las escuelas de los diferentes niveles, para hacerles la cordial invitaci\u00f3n para que formen parte del desfile de las fiestas del petr\u00f3leo.<\/p>\n<p style=\"text-align: justify;\">Se mencion\u00f3 que se ha recibido una respuesta favorable por parte de las instituciones educativas, se\u00f1al\u00f3 que para el desfile conmemorativo del 18 de marzo ya se han inscrito 22 escuelas. Se espera que en la semana m\u00e1s escuelas se sumen para participar en los desfiles.<\/p>\n","protected":false},"excerpt":{"rendered":"<p>Se regularizar\u00e1 a los vendedores ambulantes y se redoblar\u00e1n esfuerzos para la garantizar la seguridad<\/p>\n","protected":false},"author":4,"featured_media":164454,"comment_status":"open","ping_status":"open","sticky":false,"template":"","format":"standard","meta":{"footnotes":""},"categories":[299,213],"tags":[],"class_list":{"0":"post-164453","1":"post","2":"type-post","3":"status-publish","4":"format-standard","5":"has-post-thumbnail","7":"category-notas-locales","8":"category-poza-rica"},"nelio_content":{"isAutoShareEnabled":true,"autoShareEndMode":"never","automationSources":{"useCustomSentences":false,"customSentences":[]},"followers":[],"suggestedReferences":[],"efiUrl":"","efiAlt":"","highlights":[],"permalinkQueryArgs":[],"series":[]},"_links":{"self":[{"href":"https:\/\/www.enteratever.com\/2023\/wp-json\/wp\/v2\/posts\/164453","targetHints":{"allow":["GET"]}}],"collection":[{"href":"https:\/\/www.enteratever.com\/2023\/wp-json\/wp\/v2\/posts"}],"about":[{"href":"https:\/\/www.enteratever.com\/2023\/wp-json\/wp\/v2\/types\/post"}],"author":[{"embeddable":true,"href":"https:\/\/www.enteratever.com\/2023\/wp-json\/wp\/v2\/users\/4"}],"replies":[{"embeddable":true,"href":"https:\/\/www.enteratever.com\/2023\/wp-json\/wp\/v2\/comments?post=164453"}],"version-history":[{"count":0,"href":"https:\/\/www.enteratever.com\/2023\/wp-json\/wp\/v2\/posts\/164453\/revisions"}],"wp:featuredmedia":[{"embeddable":true,"href":"https:\/\/www.enteratever.com\/2023\/wp-json\/wp\/v2\/media\/164454"}],"wp:attachment":[{"href":"https:\/\/www.enteratever.com\/2023\/wp-json\/wp\/v2\/media?parent=164453"}],"wp:term":[{"taxonomy":"category","embeddable":true,"href":"https:\/\/www.enteratever.com\/2023\/wp-json\/wp\/v2\/categories?post=164453"},{"taxonomy":"post_tag","embeddable":true,"href":"https:\/\/www.enteratever.com\/2023\/wp-json\/wp\/v2\/tags?post=164453"}],"curies":[{"name":"wp","href":"https:\/\/api.w.org\/{rel}","templated":true}]}}