{"id":164445,"date":"2018-02-20T17:43:28","date_gmt":"2018-02-20T17:43:28","guid":{"rendered":"https:\/\/www.enteratever.com\/2023\/105-aniversario-del-ejercito-mexicano\/"},"modified":"2018-02-20T17:43:28","modified_gmt":"2018-02-20T17:43:28","slug":"105-aniversario-del-ejercito-mexicano","status":"publish","type":"post","link":"https:\/\/www.enteratever.com\/2023\/2018\/02\/20\/105-aniversario-del-ejercito-mexicano\/","title":{"rendered":"105 aniversario del Ej\u00e9rcito Mexicano"},"content":{"rendered":"<p>Visitas: 1<\/p><p style=\"text-align: justify;\"><strong>Por: Pablo Espidio | Enteratever.com<\/strong><\/p>\n<p style=\"text-align: justify;\">Con motivo del 105 aniversario del Ej\u00e9rcito Mexicano, este lunes 19 de febrero se llev\u00f3 acabo el evento conmemorativo de las fuerzas armadas, donde se realiz\u00f3 la entrega de reconocimientos y gafetes a los soldados distinguidos que a lo largo de su vida militar han mostrado dedicaci\u00f3n y esmero.<\/p>\n<p style=\"text-align: justify;\">Edgar Hern\u00e1ndez Morales, segundo capit\u00e1n de infanter\u00eda fue el encargado de darle lectura a una orden extraordinaria, donde dio a conocer un poco de la historia del Ej\u00e9rcito Mexicano.<\/p>\n<p style=\"text-align: justify;\">Posteriormente de que se llev\u00f3 acabo el acto c\u00edvico se realiz\u00f3 un desayuno para todas las personas que conforman el S\u00e9ptimo Batall\u00f3n de Infanter\u00eda, durante el desayuno se pudieron disfrutar de bailes folcl\u00f3ricos e imitaciones de grandes cantantes.<\/p>\n<p>Al igual se dio una excursi\u00f3n a ni\u00f1os de escuelas primarias del municipio de Coatzintla para que conocieran las actividades que realizan y al igual pudieran conocer las instalaciones del S\u00e9ptimo Batall\u00f3n de Infanter\u00eda.<\/p>\n<p style=\"text-align: justify;\">En dicho evento estuvo presente el presidente municipal Francisco Javier Vel\u00e1zquez Vallejo, junto a \u00e9l se encontraban presentes los regidores del municipio de Poza Rica.<\/p>\n","protected":false},"excerpt":{"rendered":"<p>Visitas: 1Por: Pablo Espidio | Enteratever.com Con motivo del 105 aniversario del Ej\u00e9rcito Mexicano, este lunes 19 de febrero se llev\u00f3 acabo el evento conmemorativo de las fuerzas armadas, donde se realiz\u00f3 la entrega de reconocimientos y gafetes a los soldados distinguidos que a lo largo de su vida militar han mostrado dedicaci\u00f3n y esmero. [&hellip;]<\/p>\n","protected":false},"author":4,"featured_media":164446,"comment_status":"open","ping_status":"open","sticky":false,"template":"","format":"standard","meta":{"footnotes":""},"categories":[299,213],"tags":[],"class_list":{"0":"post-164445","1":"post","2":"type-post","3":"status-publish","4":"format-standard","5":"has-post-thumbnail","7":"category-notas-locales","8":"category-poza-rica"},"nelio_content":{"isAutoShareEnabled":true,"autoShareEndMode":"never","automationSources":{"useCustomSentences":false,"customSentences":[]},"followers":[],"suggestedReferences":[],"efiUrl":"","efiAlt":"","highlights":[],"permalinkQueryArgs":[],"series":[]},"_links":{"self":[{"href":"https:\/\/www.enteratever.com\/2023\/wp-json\/wp\/v2\/posts\/164445","targetHints":{"allow":["GET"]}}],"collection":[{"href":"https:\/\/www.enteratever.com\/2023\/wp-json\/wp\/v2\/posts"}],"about":[{"href":"https:\/\/www.enteratever.com\/2023\/wp-json\/wp\/v2\/types\/post"}],"author":[{"embeddable":true,"href":"https:\/\/www.enteratever.com\/2023\/wp-json\/wp\/v2\/users\/4"}],"replies":[{"embeddable":true,"href":"https:\/\/www.enteratever.com\/2023\/wp-json\/wp\/v2\/comments?post=164445"}],"version-history":[{"count":0,"href":"https:\/\/www.enteratever.com\/2023\/wp-json\/wp\/v2\/posts\/164445\/revisions"}],"wp:featuredmedia":[{"embeddable":true,"href":"https:\/\/www.enteratever.com\/2023\/wp-json\/wp\/v2\/media\/164446"}],"wp:attachment":[{"href":"https:\/\/www.enteratever.com\/2023\/wp-json\/wp\/v2\/media?parent=164445"}],"wp:term":[{"taxonomy":"category","embeddable":true,"href":"https:\/\/www.enteratever.com\/2023\/wp-json\/wp\/v2\/categories?post=164445"},{"taxonomy":"post_tag","embeddable":true,"href":"https:\/\/www.enteratever.com\/2023\/wp-json\/wp\/v2\/tags?post=164445"}],"curies":[{"name":"wp","href":"https:\/\/api.w.org\/{rel}","templated":true}]}}