{"id":164397,"date":"2018-02-14T16:45:30","date_gmt":"2018-02-14T16:45:30","guid":{"rendered":"https:\/\/www.enteratever.com\/2023\/bodas-colectivas-en-poza-rica\/"},"modified":"2018-02-14T16:45:30","modified_gmt":"2018-02-14T16:45:30","slug":"bodas-colectivas-en-poza-rica","status":"publish","type":"post","link":"https:\/\/www.enteratever.com\/2023\/2018\/02\/14\/bodas-colectivas-en-poza-rica\/","title":{"rendered":"Bodas colectivas en Poza Rica"},"content":{"rendered":"<p>Visitas: 1<\/p><p style=\"text-align: justify;\"><strong>Por: Pablo Espidio | Enteratever.com<\/strong><\/p>\n<p style=\"text-align: justify;\">Se celebran las bodas colectivas 2018 en Poza Rica, donde 76 parejas del municipio contrajeron matrimonio, con motivo del d\u00eda del amor y de la amistad, este mi\u00e9rcoles 14 de febrero.<\/p>\n<p style=\"text-align: justify;\">Durante el evento Francisco Javier Vel\u00e1zquez Vallejo, Presidente Municipal coment\u00f3 que se busca fortalecer v\u00ednculos familiares entre la poblaci\u00f3n y otorgarles certeza jur\u00eddica a las personas que desean legalizar su uni\u00f3n.<\/p>\n<p style=\"text-align: justify;\">Mar\u00eda de la Luz Straffon de Vel\u00e1zquez, Presidenta del Sistema del Desarrollo Integral de la Familia (DIF) felicit\u00f3 a las 76 parejeras que decidieron unir sus vidas este 14 de febrero, y pidi\u00f3 a las parejas que se respetaran y que ten\u00edan que tenerles mucha comprensi\u00f3n a sus compa\u00f1eros de vida.<\/p>\n<p style=\"text-align: justify;\">Elizabeth Castillo Gonz\u00e1lez, Oficial del Registro Civil de Poza Rica fue la encargada de llevar a cabo la ceremonia de los enlaces matrimoniales, al igual Lizeth Garc\u00eda Mac\u00edas, Subdirectora Estatal del Registro Civil qui\u00e9n dio unas palabras a nombre del Gobernador Miguel \u00c1ngel Yunes Linares.<\/p>\n<p style=\"text-align: justify;\">Garc\u00eda Mac\u00edas destac\u00f3 que este a\u00f1o el evento tuvo una particularidad a diferencia de a\u00f1os anteriores, ya que por primera vez el Registro Civil solicit\u00f3 los ex\u00e1menes pres nupciales, al igual coment\u00f3 que visit\u00f3 el cereso de la ciudad, donde estuvo uniendo a parejas en matrimonio.<\/p>\n","protected":false},"excerpt":{"rendered":"<p>Visitas: 1Por: Pablo Espidio | Enteratever.com Se celebran las bodas colectivas 2018 en Poza Rica, donde 76 parejas del municipio contrajeron matrimonio, con motivo del d\u00eda del amor y de la amistad, este mi\u00e9rcoles 14 de febrero. Durante el evento Francisco Javier Vel\u00e1zquez Vallejo, Presidente Municipal coment\u00f3 que se busca fortalecer v\u00ednculos familiares entre la [&hellip;]<\/p>\n","protected":false},"author":4,"featured_media":164398,"comment_status":"open","ping_status":"open","sticky":false,"template":"","format":"standard","meta":{"footnotes":""},"categories":[299,213],"tags":[],"class_list":{"0":"post-164397","1":"post","2":"type-post","3":"status-publish","4":"format-standard","5":"has-post-thumbnail","7":"category-notas-locales","8":"category-poza-rica"},"nelio_content":{"isAutoShareEnabled":true,"autoShareEndMode":"never","automationSources":{"useCustomSentences":false,"customSentences":[]},"followers":[],"suggestedReferences":[],"efiUrl":"","efiAlt":"","highlights":[],"permalinkQueryArgs":[],"series":[]},"_links":{"self":[{"href":"https:\/\/www.enteratever.com\/2023\/wp-json\/wp\/v2\/posts\/164397","targetHints":{"allow":["GET"]}}],"collection":[{"href":"https:\/\/www.enteratever.com\/2023\/wp-json\/wp\/v2\/posts"}],"about":[{"href":"https:\/\/www.enteratever.com\/2023\/wp-json\/wp\/v2\/types\/post"}],"author":[{"embeddable":true,"href":"https:\/\/www.enteratever.com\/2023\/wp-json\/wp\/v2\/users\/4"}],"replies":[{"embeddable":true,"href":"https:\/\/www.enteratever.com\/2023\/wp-json\/wp\/v2\/comments?post=164397"}],"version-history":[{"count":0,"href":"https:\/\/www.enteratever.com\/2023\/wp-json\/wp\/v2\/posts\/164397\/revisions"}],"wp:featuredmedia":[{"embeddable":true,"href":"https:\/\/www.enteratever.com\/2023\/wp-json\/wp\/v2\/media\/164398"}],"wp:attachment":[{"href":"https:\/\/www.enteratever.com\/2023\/wp-json\/wp\/v2\/media?parent=164397"}],"wp:term":[{"taxonomy":"category","embeddable":true,"href":"https:\/\/www.enteratever.com\/2023\/wp-json\/wp\/v2\/categories?post=164397"},{"taxonomy":"post_tag","embeddable":true,"href":"https:\/\/www.enteratever.com\/2023\/wp-json\/wp\/v2\/tags?post=164397"}],"curies":[{"name":"wp","href":"https:\/\/api.w.org\/{rel}","templated":true}]}}