{"id":164389,"date":"2018-02-13T19:16:44","date_gmt":"2018-02-13T19:16:44","guid":{"rendered":"https:\/\/www.enteratever.com\/2023\/del-12-al-18-de-marzo-se-realizaran-actividades-culturales-y-deportivas-en-poza-rica\/"},"modified":"2018-02-13T19:16:44","modified_gmt":"2018-02-13T19:16:44","slug":"del-12-al-18-de-marzo-se-realizaran-actividades-culturales-y-deportivas-en-poza-rica","status":"publish","type":"post","link":"https:\/\/www.enteratever.com\/2023\/2018\/02\/13\/del-12-al-18-de-marzo-se-realizaran-actividades-culturales-y-deportivas-en-poza-rica\/","title":{"rendered":"Del 12 al 18 de marzo se realizar\u00e1n actividades culturales y deportivas en Poza Rica"},"content":{"rendered":"<p>Visitas: 3<\/p><p style=\"text-align: justify;\"><strong>Por: Pablo Espidio | Enteratever.com<\/strong><\/p>\n<p style=\"text-align: justify;\">Del 12 al 18 de marzo en el municipio se estar\u00e1 llevando a cabo diversas actividades culturales y deportivas con las cuales buscan que el pueblo pozarricense celebre las fiestas del petr\u00f3leo y la ciudad que se llene de alegr\u00eda.<\/p>\n<p style=\"text-align: justify;\">Con exposiciones fotogr\u00e1ficas, presentaciones art\u00edsticas, bailes masivos de danzoneros, proyecciones de cine y para finalizar las festividades se realizar\u00e1 el ya tradicional desfile aleg\u00f3rico.<\/p>\n<p style=\"text-align: justify;\">Las actividades de las Fiestas del Petr\u00f3leo dar\u00e1n inicio el d\u00eda lunes 12 de marzo, con una exposici\u00f3n fotogr\u00e1fica y conferencias \u00abEl Ojital 1\u00bb y terminar\u00e1 el d\u00eda domingo 18 de marzo con el desfile aleg\u00f3rico.<\/p>\n<p style=\"text-align: justify;\">Francisco Javier Vel\u00e1zquez Vallejo, alcalde municipal mencion\u00f3 que este desfile tendr\u00e1 tres tem\u00e1ticas que destacan hechos importantes para la ciudad, como es la Expropiaci\u00f3n Petrolera lo que distingue la ciudad, \u201cEl ni\u00f1o y la niebla\u201d, \u201cLa Rosa Blanca\u201d pel\u00edculas que se grabaron en la ciudad y la reproducci\u00f3n de la vida popular de pozarricense.<\/p>\n<p style=\"text-align: justify;\">Se busca que Estados como Puebla y Tampico que son cercanos al municipio puedan venir a disfrutar de la semana cultural que se est\u00e1 preparando para las Fiestas de Petr\u00f3leo y con esto generar que m\u00e1s personas conozcan de la historia de la ciudad.<\/p>\n<p style=\"text-align: justify;\">El desfile conmemorativo de la expropiaci\u00f3n petrolera dar\u00e1 iniciar\u00e1 en puente del Hueleque sobre el Bulevar Adolfo Ruiz Cortines y terminar\u00e1 en la calle Costa Rica y el desfile aleg\u00f3rico dar\u00e1 inicio en la calle 20 de noviembre esquina de la calle 24 y terminar\u00e1 de igual forma en la calle Costa Rica.<\/p>\n<p style=\"text-align: justify;\">Por otra parte se mencion\u00f3 que se ya se reunieron con las autoridades de seguridad para que durante la semana de celebraci\u00f3n de las fiestas de petr\u00f3leo est\u00e9n vigilando las zonas que se estar\u00e1n ocupando.<\/p>\n","protected":false},"excerpt":{"rendered":"<p>Visitas: 3Por: Pablo Espidio | Enteratever.com Del 12 al 18 de marzo en el municipio se estar\u00e1 llevando a cabo diversas actividades culturales y deportivas con las cuales buscan que el pueblo pozarricense celebre las fiestas del petr\u00f3leo y la ciudad que se llene de alegr\u00eda. Con exposiciones fotogr\u00e1ficas, presentaciones art\u00edsticas, bailes masivos de danzoneros, [&hellip;]<\/p>\n","protected":false},"author":4,"featured_media":164390,"comment_status":"open","ping_status":"open","sticky":false,"template":"","format":"standard","meta":{"footnotes":""},"categories":[299,213],"tags":[],"class_list":{"0":"post-164389","1":"post","2":"type-post","3":"status-publish","4":"format-standard","5":"has-post-thumbnail","7":"category-notas-locales","8":"category-poza-rica"},"nelio_content":{"isAutoShareEnabled":true,"autoShareEndMode":"never","automationSources":{"useCustomSentences":false,"customSentences":[]},"followers":[],"suggestedReferences":[],"efiUrl":"","efiAlt":"","highlights":[],"permalinkQueryArgs":[],"series":[]},"_links":{"self":[{"href":"https:\/\/www.enteratever.com\/2023\/wp-json\/wp\/v2\/posts\/164389","targetHints":{"allow":["GET"]}}],"collection":[{"href":"https:\/\/www.enteratever.com\/2023\/wp-json\/wp\/v2\/posts"}],"about":[{"href":"https:\/\/www.enteratever.com\/2023\/wp-json\/wp\/v2\/types\/post"}],"author":[{"embeddable":true,"href":"https:\/\/www.enteratever.com\/2023\/wp-json\/wp\/v2\/users\/4"}],"replies":[{"embeddable":true,"href":"https:\/\/www.enteratever.com\/2023\/wp-json\/wp\/v2\/comments?post=164389"}],"version-history":[{"count":0,"href":"https:\/\/www.enteratever.com\/2023\/wp-json\/wp\/v2\/posts\/164389\/revisions"}],"wp:featuredmedia":[{"embeddable":true,"href":"https:\/\/www.enteratever.com\/2023\/wp-json\/wp\/v2\/media\/164390"}],"wp:attachment":[{"href":"https:\/\/www.enteratever.com\/2023\/wp-json\/wp\/v2\/media?parent=164389"}],"wp:term":[{"taxonomy":"category","embeddable":true,"href":"https:\/\/www.enteratever.com\/2023\/wp-json\/wp\/v2\/categories?post=164389"},{"taxonomy":"post_tag","embeddable":true,"href":"https:\/\/www.enteratever.com\/2023\/wp-json\/wp\/v2\/tags?post=164389"}],"curies":[{"name":"wp","href":"https:\/\/api.w.org\/{rel}","templated":true}]}}