{"id":164331,"date":"2018-02-05T20:04:59","date_gmt":"2018-02-05T20:04:59","guid":{"rendered":"https:\/\/www.enteratever.com\/2023\/regidora-priista-de-poza-rica-se-suma-a-campana-del-pan-prd\/"},"modified":"2018-02-05T20:04:59","modified_gmt":"2018-02-05T20:04:59","slug":"regidora-priista-de-poza-rica-se-suma-a-campana-del-pan-prd","status":"publish","type":"post","link":"https:\/\/www.enteratever.com\/2023\/2018\/02\/05\/regidora-priista-de-poza-rica-se-suma-a-campana-del-pan-prd\/","title":{"rendered":"Regidora priista de Poza Rica se suma a campa\u00f1a del PAN-PRD"},"content":{"rendered":"<p>Visitas: 2<\/p><p><strong>Por: Pablo Espidio | Enteratever.com<\/strong><\/p>\n<p style=\"text-align: justify;\">La regidora priista Dulce Mar\u00eda Carpizo Bauza, dio a conocer que se sumar\u00eda al proyecto de la coalici\u00f3n por un M\u00e9xico al frente, por medio de una publicaci\u00f3n de Facebook, donde destac\u00f3 que estar\u00eda participando de manera activa en la campa\u00f1a de Miguel \u00c1ngel Yunes M\u00e1rquez, Precandidato a la Gubernatura de Veracruz.<\/p>\n<p style=\"text-align: justify;\">La regidora octava por medio de su publicaci\u00f3n invit\u00f3 tanto a amigos como a compa\u00f1eros del equipo pol\u00edtico de la secci\u00f3n 32 del Sindicato Nacional de Trabajadores de la Educaci\u00f3n (SNTE) a que se unieran al proyecto de la coalici\u00f3n.<\/p>\n<p style=\"text-align: justify;\">Carpizo Bauza quien es la \u00fanica regidora del Partido Revolucionario Institucional (PRI) en el municipio, estuvo apoyando a Diana \u00c1lvarez en su candidatura en las pasadas elecciones del 2017 para presidente municipal en la ciudad.<\/p>\n<p>Tras publicar que participar\u00eda de manera activa en las campa\u00f1as de Miguel \u00c1ngel Yunes M\u00e1rquez, Gregorio G\u00f3mez Mart\u00ednez y de Cesar Ulises Garc\u00eda V\u00e1zquez, dejo claro que le est\u00e1 dando la espalda al PRI.<\/p>\n<p style=\"text-align: justify;\">Cabe se\u00f1alar que en el evento realizado por los panistas en la plaza c\u00edvica 18 de marzo este domingo, con motivo de la visita de Ricardo Anaya Cort\u00e9s, Precandidato a la Presidencia de la Rep\u00fablica estuvo activa al lado de los regidores panistas.<\/p>\n","protected":false},"excerpt":{"rendered":"<p>Visitas: 2Por: Pablo Espidio | Enteratever.com La regidora priista Dulce Mar\u00eda Carpizo Bauza, dio a conocer que se sumar\u00eda al proyecto de la coalici\u00f3n por un M\u00e9xico al frente, por medio de una publicaci\u00f3n de Facebook, donde destac\u00f3 que estar\u00eda participando de manera activa en la campa\u00f1a de Miguel \u00c1ngel Yunes M\u00e1rquez, Precandidato a la [&hellip;]<\/p>\n","protected":false},"author":4,"featured_media":164332,"comment_status":"open","ping_status":"open","sticky":false,"template":"","format":"standard","meta":{"footnotes":""},"categories":[299,213],"tags":[],"class_list":{"0":"post-164331","1":"post","2":"type-post","3":"status-publish","4":"format-standard","5":"has-post-thumbnail","7":"category-notas-locales","8":"category-poza-rica"},"nelio_content":{"isAutoShareEnabled":true,"autoShareEndMode":"never","automationSources":{"useCustomSentences":false,"customSentences":[]},"followers":[],"suggestedReferences":[],"efiUrl":"","efiAlt":"","highlights":[],"permalinkQueryArgs":[],"series":[]},"_links":{"self":[{"href":"https:\/\/www.enteratever.com\/2023\/wp-json\/wp\/v2\/posts\/164331","targetHints":{"allow":["GET"]}}],"collection":[{"href":"https:\/\/www.enteratever.com\/2023\/wp-json\/wp\/v2\/posts"}],"about":[{"href":"https:\/\/www.enteratever.com\/2023\/wp-json\/wp\/v2\/types\/post"}],"author":[{"embeddable":true,"href":"https:\/\/www.enteratever.com\/2023\/wp-json\/wp\/v2\/users\/4"}],"replies":[{"embeddable":true,"href":"https:\/\/www.enteratever.com\/2023\/wp-json\/wp\/v2\/comments?post=164331"}],"version-history":[{"count":0,"href":"https:\/\/www.enteratever.com\/2023\/wp-json\/wp\/v2\/posts\/164331\/revisions"}],"wp:featuredmedia":[{"embeddable":true,"href":"https:\/\/www.enteratever.com\/2023\/wp-json\/wp\/v2\/media\/164332"}],"wp:attachment":[{"href":"https:\/\/www.enteratever.com\/2023\/wp-json\/wp\/v2\/media?parent=164331"}],"wp:term":[{"taxonomy":"category","embeddable":true,"href":"https:\/\/www.enteratever.com\/2023\/wp-json\/wp\/v2\/categories?post=164331"},{"taxonomy":"post_tag","embeddable":true,"href":"https:\/\/www.enteratever.com\/2023\/wp-json\/wp\/v2\/tags?post=164331"}],"curies":[{"name":"wp","href":"https:\/\/api.w.org\/{rel}","templated":true}]}}