{"id":164297,"date":"2018-01-31T19:26:37","date_gmt":"2018-01-31T19:26:37","guid":{"rendered":"https:\/\/www.enteratever.com\/2023\/exige-regular-al-comercio-informal-en-poza-rica\/"},"modified":"2018-01-31T19:26:37","modified_gmt":"2018-01-31T19:26:37","slug":"exige-regular-al-comercio-informal-en-poza-rica","status":"publish","type":"post","link":"https:\/\/www.enteratever.com\/2023\/2018\/01\/31\/exige-regular-al-comercio-informal-en-poza-rica\/","title":{"rendered":"Exige regular al comercio informal en Poza Rica"},"content":{"rendered":"<p>Visitas: 2<\/p><p style=\"text-align: justify;\"><strong>Por: Pablo Espidio | Enteratever.com<\/strong><\/p>\n<p style=\"text-align: justify;\">Comerciantes del Mercado Poza Rica piden a las autoridades municipales que regulen el comercio ambulante, ya que en los \u00faltimos a\u00f1os ha aumentado en el primer cuadro de la ciudad coment\u00f3 Marcela Vicencio Galindo, Secretaria del Interior de la Uni\u00f3n de Locatarios del mercado.<\/p>\n<p style=\"text-align: justify;\">Pidi\u00f3 que se reactiven los proyectos de que se presentaron en los foros ciudadanos, lo cuales consist\u00edan en llevar el comercio a las colonias m\u00e1s lejanas de la ciudad.<\/p>\n<p style=\"text-align: justify;\">Destac\u00f3 que no buscan que desaparezcan el comercio informal ya que conocen que en la ciudad no existe una empresa productiva y los ciudadanos se refugian en el comercio ambulante puesto a que tienen que llevar el sustento a sus hogares.<\/p>\n<p style=\"text-align: justify;\">Por otra parte mencion\u00f3 que se reunieron con Protecci\u00f3n Civil y con el regidor de encargado en salud, con el cual ya se encuentran trabajando ya que tras la petici\u00f3n de la eliminaci\u00f3n del costo de la tarjeta de salud es un beneficio para el comercio estable, se\u00f1alo que solo se pagara la constancia de salud y se les estar\u00e1n realizando visitas para verificar que sus establecimientos se encentren en las mejores condiciones.<\/p>\n<p style=\"text-align: justify;\">Al igual estuvieron visitando a la regidora segunda quien es encargada de limpia p\u00fablica para solicitar que regresen los trabajadores que se encargaban de sacar la basura del interior del mercado en la administraci\u00f3n pasada, ya que mencion\u00f3 que aparte de hacer su trabajo cuidaban que no se fuera a extraviar algo.<\/p>\n<p style=\"text-align: justify;\">Se\u00f1al\u00f3 que los comerciantes les estar\u00e1n dando una gratificaci\u00f3n, puesto que ellos recib\u00edan un salario pero en estos momentos no lo est\u00e1n recibiendo y buscaran que el municipio les otorgue un pago por el servicio que brindan.<\/p>\n","protected":false},"excerpt":{"rendered":"<p>Visitas: 2Por: Pablo Espidio | Enteratever.com Comerciantes del Mercado Poza Rica piden a las autoridades municipales que regulen el comercio ambulante, ya que en los \u00faltimos a\u00f1os ha aumentado en el primer cuadro de la ciudad coment\u00f3 Marcela Vicencio Galindo, Secretaria del Interior de la Uni\u00f3n de Locatarios del mercado. Pidi\u00f3 que se reactiven los [&hellip;]<\/p>\n","protected":false},"author":4,"featured_media":164298,"comment_status":"open","ping_status":"open","sticky":false,"template":"","format":"standard","meta":{"footnotes":""},"categories":[299,213],"tags":[],"class_list":{"0":"post-164297","1":"post","2":"type-post","3":"status-publish","4":"format-standard","5":"has-post-thumbnail","7":"category-notas-locales","8":"category-poza-rica"},"nelio_content":{"isAutoShareEnabled":true,"autoShareEndMode":"never","automationSources":{"useCustomSentences":false,"customSentences":[]},"followers":[],"suggestedReferences":[],"efiUrl":"","efiAlt":"","highlights":[],"permalinkQueryArgs":[],"series":[]},"_links":{"self":[{"href":"https:\/\/www.enteratever.com\/2023\/wp-json\/wp\/v2\/posts\/164297","targetHints":{"allow":["GET"]}}],"collection":[{"href":"https:\/\/www.enteratever.com\/2023\/wp-json\/wp\/v2\/posts"}],"about":[{"href":"https:\/\/www.enteratever.com\/2023\/wp-json\/wp\/v2\/types\/post"}],"author":[{"embeddable":true,"href":"https:\/\/www.enteratever.com\/2023\/wp-json\/wp\/v2\/users\/4"}],"replies":[{"embeddable":true,"href":"https:\/\/www.enteratever.com\/2023\/wp-json\/wp\/v2\/comments?post=164297"}],"version-history":[{"count":0,"href":"https:\/\/www.enteratever.com\/2023\/wp-json\/wp\/v2\/posts\/164297\/revisions"}],"wp:featuredmedia":[{"embeddable":true,"href":"https:\/\/www.enteratever.com\/2023\/wp-json\/wp\/v2\/media\/164298"}],"wp:attachment":[{"href":"https:\/\/www.enteratever.com\/2023\/wp-json\/wp\/v2\/media?parent=164297"}],"wp:term":[{"taxonomy":"category","embeddable":true,"href":"https:\/\/www.enteratever.com\/2023\/wp-json\/wp\/v2\/categories?post=164297"},{"taxonomy":"post_tag","embeddable":true,"href":"https:\/\/www.enteratever.com\/2023\/wp-json\/wp\/v2\/tags?post=164297"}],"curies":[{"name":"wp","href":"https:\/\/api.w.org\/{rel}","templated":true}]}}