{"id":164251,"date":"2018-01-25T20:40:34","date_gmt":"2018-01-25T20:40:34","guid":{"rendered":"https:\/\/www.enteratever.com\/2023\/periodista-dan-ejemplo-de-solidaridad-kramsky\/"},"modified":"2018-01-25T20:40:34","modified_gmt":"2018-01-25T20:40:34","slug":"periodista-dan-ejemplo-de-solidaridad-kramsky","status":"publish","type":"post","link":"https:\/\/www.enteratever.com\/2023\/2018\/01\/25\/periodista-dan-ejemplo-de-solidaridad-kramsky\/","title":{"rendered":"Periodistas dan ejemplo de solidaridad: Kramsky"},"content":{"rendered":"<p>Visitas: 2<\/p><p style=\"text-align: justify;\"><strong>Por: Pablo Espidio | Enteratever.com<\/strong><\/p>\n<p style=\"text-align: justify;\">Se conmemora el 48 aniversario luctuoso de los 14 periodistas que perdieron la vida en un tr\u00e1gico accidente a\u00e9reo en el Cerro del Mes\u00f3n la ma\u00f1ana del 25 de enero de 1970, los cuales se encargaban de cubrir la campa\u00f1a del candidato presidencial Luis Echeverr\u00eda \u00c1lvarez.<\/p>\n<p style=\"text-align: justify;\">El Presidente Municipal, Francisco Javier Vel\u00e1zquez Vallejo en compa\u00f1\u00eda de la s\u00edndico Mar\u00eda del Carmen Carballo Vicencio y el periodista Jes\u00fas Kramsky e integrantes del cabildo de municipio, se dieron cita en el monumento a los ca\u00eddos para recordar aquel terrible accidente en donde periodistas perdieron la vida.<\/p>\n<p style=\"text-align: justify;\">Durante el evento Reinaldo de Jes\u00fas Garc\u00eda P\u00e9rez, Presidente de la asociaci\u00f3n civil de periodistas coment\u00f3 que en estos tiempos y otras circunstancias muchos reporteros han perdido la vida bajo fat\u00eddicas balas en aras de la libertad de expresi\u00f3n y la dignidad humana destac\u00f3 que no se trata de construirles un trono ya que ni siquiera se han asegurado los culpables.<\/p>\n<p style=\"text-align: justify;\">Vel\u00e1zquez Vallejo, reconoci\u00f3 que el periodismo es una profesi\u00f3n de valientes puesto que estos sigue enfrentado el d\u00eda de hoy severos riesgos y condiciones adversas en todo sentido, destac\u00f3 el compromiso del gobierno municipal que preside reconocer el papel fundamental de los comunicadores como enlace entre pueblo y gobierno, propiciar las mejores condiciones para el ejercicio de la profesi\u00f3n y garantizar la libertad de expresi\u00f3n.<\/p>\n<p style=\"text-align: justify;\">Jes\u00fas Kramsky \u00fanico periodista sobreviviente al accidente a\u00e9reo mencion\u00f3 que la prensa sigue dando un ejemplo a su solidaridad, indic\u00f3 que \u00e9l se solidariza con los periodistas del norte del estado ya que viven a diario los riesgos de una de las profesiones m\u00e1s peligrosas del mundo.<\/p>\n","protected":false},"excerpt":{"rendered":"<p>Visitas: 2Por: Pablo Espidio | Enteratever.com Se conmemora el 48 aniversario luctuoso de los 14 periodistas que perdieron la vida en un tr\u00e1gico accidente a\u00e9reo en el Cerro del Mes\u00f3n la ma\u00f1ana del 25 de enero de 1970, los cuales se encargaban de cubrir la campa\u00f1a del candidato presidencial Luis Echeverr\u00eda \u00c1lvarez. El Presidente Municipal, [&hellip;]<\/p>\n","protected":false},"author":4,"featured_media":164252,"comment_status":"open","ping_status":"open","sticky":false,"template":"","format":"standard","meta":{"footnotes":""},"categories":[299,213],"tags":[],"class_list":{"0":"post-164251","1":"post","2":"type-post","3":"status-publish","4":"format-standard","5":"has-post-thumbnail","7":"category-notas-locales","8":"category-poza-rica"},"nelio_content":{"isAutoShareEnabled":true,"autoShareEndMode":"never","automationSources":{"useCustomSentences":false,"customSentences":[]},"followers":[],"suggestedReferences":[],"efiUrl":"","efiAlt":"","highlights":[],"permalinkQueryArgs":[],"series":[]},"_links":{"self":[{"href":"https:\/\/www.enteratever.com\/2023\/wp-json\/wp\/v2\/posts\/164251","targetHints":{"allow":["GET"]}}],"collection":[{"href":"https:\/\/www.enteratever.com\/2023\/wp-json\/wp\/v2\/posts"}],"about":[{"href":"https:\/\/www.enteratever.com\/2023\/wp-json\/wp\/v2\/types\/post"}],"author":[{"embeddable":true,"href":"https:\/\/www.enteratever.com\/2023\/wp-json\/wp\/v2\/users\/4"}],"replies":[{"embeddable":true,"href":"https:\/\/www.enteratever.com\/2023\/wp-json\/wp\/v2\/comments?post=164251"}],"version-history":[{"count":0,"href":"https:\/\/www.enteratever.com\/2023\/wp-json\/wp\/v2\/posts\/164251\/revisions"}],"wp:featuredmedia":[{"embeddable":true,"href":"https:\/\/www.enteratever.com\/2023\/wp-json\/wp\/v2\/media\/164252"}],"wp:attachment":[{"href":"https:\/\/www.enteratever.com\/2023\/wp-json\/wp\/v2\/media?parent=164251"}],"wp:term":[{"taxonomy":"category","embeddable":true,"href":"https:\/\/www.enteratever.com\/2023\/wp-json\/wp\/v2\/categories?post=164251"},{"taxonomy":"post_tag","embeddable":true,"href":"https:\/\/www.enteratever.com\/2023\/wp-json\/wp\/v2\/tags?post=164251"}],"curies":[{"name":"wp","href":"https:\/\/api.w.org\/{rel}","templated":true}]}}