{"id":164243,"date":"2018-01-24T21:07:25","date_gmt":"2018-01-24T21:07:25","guid":{"rendered":"https:\/\/www.enteratever.com\/2023\/crearan-consejo-juvenil-en-poza-rica\/"},"modified":"2018-01-24T21:07:25","modified_gmt":"2018-01-24T21:07:25","slug":"crearan-consejo-juvenil-en-poza-rica","status":"publish","type":"post","link":"https:\/\/www.enteratever.com\/2023\/2018\/01\/24\/crearan-consejo-juvenil-en-poza-rica\/","title":{"rendered":"Crear\u00e1n Consejo Juvenil en Poza Rica"},"content":{"rendered":"<p>Visitas: 2<\/p><p style=\"text-align: justify;\"><strong>Por: Pablo Espidio | Enteratever.com<\/strong><\/p>\n<p style=\"text-align: justify;\">Se abre la convocatoria para formar el consejo juvenil en Poza Rica, proceso en el que se espera que los j\u00f3venes pozarricenses se involucren para que participen e n la resoluci\u00f3n de los problemas que los aquejan, dio a conocer Daniel N\u00fa\u00f1ez director de impulso de la juventud.<\/p>\n<p style=\"text-align: justify;\">La convocatoria estar\u00e1 abierta a partir de este 24 de enero y cerrar\u00e1 hasta el s\u00e1bado 10 de febrero en punto de las 12 del mediod\u00eda, los interesados a pertenecer al consejo pueden llevar sus papeles a la Oficina de Impulso de la Juventud o pueden enviar su propuesta al correo impulsojuventudpr@gmail.com.<\/p>\n<p style=\"text-align: justify;\">Coment\u00f3 que una vez que se instale en consejo se va a sesionar dependiendo la capacidad de este, se espera que se pueda realizar por lo menos vez al mes, para que los j\u00f3venes pertenecientes al consejo puedan determinar las modificaciones convenientes al plan de trabajo que se va a construir, para incluir todos los puntos que marque la ley.<\/p>\n<p style=\"text-align: justify;\">Se\u00f1al\u00f3 que pueden participar todos los j\u00f3venes de 12 a 29 a\u00f1os, estos deben de radicar en la ciudad y ser mexicanos, para poder pertenecer al consejo tienen que presentar un proyecto exponiendo nuevas estrategias para la protecci\u00f3n de los derechos de la juventud, as\u00ed como tambi\u00e9n su desarrollo integral, proponiendo acciones sociales que impulsen y beneficien al sector juvenil.<\/p>\n<p style=\"text-align: justify;\">Una vez que cierre la convocatoria se elegir\u00e1 10 propuestas, el consejo va a estar integrado por diez personalidades que participen la convocatoria, m\u00e1s cuatro invitaciones sobresalientes hechas desde la oficina, el titular de la oficina y el regidor Aldo Salvador Maldonado Mac\u00edas comisionado en impulso juventud.<\/p>\n<p>Mencion\u00f3 que esperan poder llevar la informaci\u00f3n del programa a la mayor cantidad de escuelas de los diferentes niveles del municipio, al igual se estar\u00e1 llevando el comunicado a espacios importantes de la ciudad.<\/p>\n<p style=\"text-align: justify;\">Una vez que se haya seleccionado a los ganadores en la p\u00e1gina del gobierno se estar\u00e1n publicando los resultados de la convocatoria y se anunciaran los proyectos ganadores.<\/p>\n","protected":false},"excerpt":{"rendered":"<p>Convocan a los j\u00f3venes a participar<\/p>\n","protected":false},"author":4,"featured_media":164244,"comment_status":"open","ping_status":"open","sticky":false,"template":"","format":"standard","meta":{"footnotes":""},"categories":[299,213],"tags":[],"class_list":{"0":"post-164243","1":"post","2":"type-post","3":"status-publish","4":"format-standard","5":"has-post-thumbnail","7":"category-notas-locales","8":"category-poza-rica"},"nelio_content":{"isAutoShareEnabled":true,"autoShareEndMode":"never","automationSources":{"useCustomSentences":false,"customSentences":[]},"followers":[],"suggestedReferences":[],"efiUrl":"","efiAlt":"","highlights":[],"permalinkQueryArgs":[],"series":[]},"_links":{"self":[{"href":"https:\/\/www.enteratever.com\/2023\/wp-json\/wp\/v2\/posts\/164243","targetHints":{"allow":["GET"]}}],"collection":[{"href":"https:\/\/www.enteratever.com\/2023\/wp-json\/wp\/v2\/posts"}],"about":[{"href":"https:\/\/www.enteratever.com\/2023\/wp-json\/wp\/v2\/types\/post"}],"author":[{"embeddable":true,"href":"https:\/\/www.enteratever.com\/2023\/wp-json\/wp\/v2\/users\/4"}],"replies":[{"embeddable":true,"href":"https:\/\/www.enteratever.com\/2023\/wp-json\/wp\/v2\/comments?post=164243"}],"version-history":[{"count":0,"href":"https:\/\/www.enteratever.com\/2023\/wp-json\/wp\/v2\/posts\/164243\/revisions"}],"wp:featuredmedia":[{"embeddable":true,"href":"https:\/\/www.enteratever.com\/2023\/wp-json\/wp\/v2\/media\/164244"}],"wp:attachment":[{"href":"https:\/\/www.enteratever.com\/2023\/wp-json\/wp\/v2\/media?parent=164243"}],"wp:term":[{"taxonomy":"category","embeddable":true,"href":"https:\/\/www.enteratever.com\/2023\/wp-json\/wp\/v2\/categories?post=164243"},{"taxonomy":"post_tag","embeddable":true,"href":"https:\/\/www.enteratever.com\/2023\/wp-json\/wp\/v2\/tags?post=164243"}],"curies":[{"name":"wp","href":"https:\/\/api.w.org\/{rel}","templated":true}]}}