{"id":164183,"date":"2018-01-17T14:00:33","date_gmt":"2018-01-17T14:00:33","guid":{"rendered":"https:\/\/www.enteratever.com\/2023\/ayuntamiento-buscara-ordenar-al-comercio-informal\/"},"modified":"2018-01-17T14:00:33","modified_gmt":"2018-01-17T14:00:33","slug":"ayuntamiento-buscara-ordenar-al-comercio-informal","status":"publish","type":"post","link":"https:\/\/www.enteratever.com\/2023\/2018\/01\/17\/ayuntamiento-buscara-ordenar-al-comercio-informal\/","title":{"rendered":"Ayuntamiento buscar\u00e1 ordenar al comercio informal"},"content":{"rendered":"<p>Visitas: 2<\/p><p style=\"text-align: justify;\">Por: Pablo Espidio | Enteratever.com<\/p>\n<p style=\"text-align: justify;\">\u200bClaramente existe una gran desorganizaci\u00f3n en todo lo que es el comercio ambulante, esto se puede ver en los pasillos y banquetas de las cuadras m\u00e1s c\u00e9ntricas del mercado y ser\u00e1 en lo primero que se estar\u00e1 trabajando, coment\u00f3 Vanessa Balderas S\u00e1nchez, Regidora de Industria y Comercio.<\/p>\n<p style=\"text-align: justify;\">Mencion\u00f3 que est\u00e1 planeando mover al comercio informal a muchos de ellos no les parecer\u00e1 la idea pero con esto se busca que los pasillos del mercado est\u00e1n m\u00e1s despejados, al igual coment\u00f3 que buscaran colocarlos o ayudarlos a que se integren a un local de este o en otro caso enviarlos al mercado de los portales .<\/p>\n<p style=\"text-align: justify;\">Al igual explic\u00f3 que no buscan perjudicarlos ya que conocen cual es la situaci\u00f3n econ\u00f3mica de la ciudad, ni tampoco enviarlos a lugares donde ni los vean, al contrario, quieren seguirlos apoyando pero necesitan que los ambulantes los ayuden para poderlos organizar.<\/p>\n<p style=\"text-align: justify;\">Mencion\u00f3 que los comerciantes establecidos y dirigentes piden el retiro de los ambulantes, puesto a que obstruyen la entrada al mercado y las banquetas, ya hay demasiada gente en estas \u00e1reas y en ocasiones no se puede caminar y los ciudadanos tienen que caminar por las calles.<\/p>\n<p style=\"text-align: justify;\">Expuso que aquellos que se nieguen a moverse ser\u00e1n sancionados puesto a que si no se tiene un permiso no pueden estar en la v\u00eda p\u00fablica, la ley lo establece y menciona que son un permiso las personas no pueden vender en la calle.<\/p>\n<p style=\"text-align: justify;\">Por \u00faltimo, indic\u00f3 que se est\u00e1n realizando censos para conocer qu\u00e9 cantidad de personas est\u00e1n trabajando afuera del mercado, incluso se realizar\u00e1 una junta con los l\u00edderes, tanto de los comerciantes ambulantes como de los que est\u00e1n establecidos en sus locales para saber cu\u00e1ntos est\u00e1n agrupados, ya que en ocasiones estos no est\u00e1n con ninguno de los dos o no son de la ciudad.\u200b<\/p>\n","protected":false},"excerpt":{"rendered":"<p>Visitas: 2Por: Pablo Espidio | Enteratever.com \u200bClaramente existe una gran desorganizaci\u00f3n en todo lo que es el comercio ambulante, esto se puede ver en los pasillos y banquetas de las cuadras m\u00e1s c\u00e9ntricas del mercado y ser\u00e1 en lo primero que se estar\u00e1 trabajando, coment\u00f3 Vanessa Balderas S\u00e1nchez, Regidora de Industria y Comercio. Mencion\u00f3 que [&hellip;]<\/p>\n","protected":false},"author":4,"featured_media":164184,"comment_status":"open","ping_status":"open","sticky":false,"template":"","format":"standard","meta":{"footnotes":""},"categories":[299,213],"tags":[],"class_list":{"0":"post-164183","1":"post","2":"type-post","3":"status-publish","4":"format-standard","5":"has-post-thumbnail","7":"category-notas-locales","8":"category-poza-rica"},"nelio_content":{"isAutoShareEnabled":true,"autoShareEndMode":"never","automationSources":{"useCustomSentences":false,"customSentences":[]},"followers":[],"suggestedReferences":[],"efiUrl":"","efiAlt":"","highlights":[],"permalinkQueryArgs":[],"series":[]},"_links":{"self":[{"href":"https:\/\/www.enteratever.com\/2023\/wp-json\/wp\/v2\/posts\/164183","targetHints":{"allow":["GET"]}}],"collection":[{"href":"https:\/\/www.enteratever.com\/2023\/wp-json\/wp\/v2\/posts"}],"about":[{"href":"https:\/\/www.enteratever.com\/2023\/wp-json\/wp\/v2\/types\/post"}],"author":[{"embeddable":true,"href":"https:\/\/www.enteratever.com\/2023\/wp-json\/wp\/v2\/users\/4"}],"replies":[{"embeddable":true,"href":"https:\/\/www.enteratever.com\/2023\/wp-json\/wp\/v2\/comments?post=164183"}],"version-history":[{"count":0,"href":"https:\/\/www.enteratever.com\/2023\/wp-json\/wp\/v2\/posts\/164183\/revisions"}],"wp:featuredmedia":[{"embeddable":true,"href":"https:\/\/www.enteratever.com\/2023\/wp-json\/wp\/v2\/media\/164184"}],"wp:attachment":[{"href":"https:\/\/www.enteratever.com\/2023\/wp-json\/wp\/v2\/media?parent=164183"}],"wp:term":[{"taxonomy":"category","embeddable":true,"href":"https:\/\/www.enteratever.com\/2023\/wp-json\/wp\/v2\/categories?post=164183"},{"taxonomy":"post_tag","embeddable":true,"href":"https:\/\/www.enteratever.com\/2023\/wp-json\/wp\/v2\/tags?post=164183"}],"curies":[{"name":"wp","href":"https:\/\/api.w.org\/{rel}","templated":true}]}}