{"id":163988,"date":"2013-12-31T18:07:54","date_gmt":"2013-12-31T18:07:54","guid":{"rendered":"https:\/\/www.enteratever.com\/2023\/se-inicio-de-toma-de-protesta-en-coatzintla\/"},"modified":"2013-12-31T18:07:54","modified_gmt":"2013-12-31T18:07:54","slug":"se-inicio-de-toma-de-protesta-en-coatzintla","status":"publish","type":"post","link":"https:\/\/www.enteratever.com\/2023\/2013\/12\/31\/se-inicio-de-toma-de-protesta-en-coatzintla\/","title":{"rendered":"Se inicio de toma de protesta en Coatzintla"},"content":{"rendered":"<p>Visitas: 14<\/p><p><a href=\"http:\/\/enteratever.com\/2015\/wp-content\/uploads\/2016\/06\/Poza97.jpg\"><img loading=\"lazy\" decoding=\"async\" class=\"aligncenter size-full wp-image-53385\" src=\"http:\/\/enteratever.com\/2015\/wp-content\/uploads\/2016\/06\/Poza97.jpg\" alt=\"Poza97\" width=\"670\" height=\"400\" \/><\/a><\/p>\n<p>Se inicio de toma de protesta con el honorable cabildo con el presidente electo\u00a0Cesar Ulises Garcia V\u00e1zquez, con la presencia de la sindico \u00fanico Lorena L\u00f3pez Vel\u00e1zquez.<span id=\"more-16502\"><\/span><\/p>\n<p>El regidor tercero Jes\u00fas Montal Rodr\u00edgez.<br \/>\nRegidor primero Aldo Herrera D\u00edaz.<br \/>\nRegidor segundo ciudadano Jaime Vel\u00e1zquez Gonz\u00e1lez.<\/p>\n<p><a href=\"http:\/\/enteratever.com\/2015\/wp-content\/uploads\/2016\/06\/Poza97_1.jpg\"><img loading=\"lazy\" decoding=\"async\" class=\"aligncenter size-full wp-image-53386\" src=\"http:\/\/enteratever.com\/2015\/wp-content\/uploads\/2016\/06\/Poza97_1.jpg\" alt=\"Poza97_1\" width=\"800\" height=\"600\" \/><\/a><\/p>\n<p>Siendo las doce con veinticinco minutos rendir\u00e1 discurso el presidente electo Cesar Ulises Garcia V\u00e1zquez<\/p>\n<p><a href=\"http:\/\/enteratever.com\/2015\/wp-content\/uploads\/2016\/06\/Poza97_3.jpg\"><img loading=\"lazy\" decoding=\"async\" class=\"aligncenter size-full wp-image-53387\" src=\"http:\/\/enteratever.com\/2015\/wp-content\/uploads\/2016\/06\/Poza97_3.jpg\" alt=\"Poza97_3\" width=\"670\" height=\"405\" \/><\/a><\/p>\n<p>Un gran esfuerzo tendr\u00e1 que hacer la nueva administraci\u00f3n para remediar los da\u00f1os causados por la comuna de V\u00edctor Hern\u00e1ndez Stivalet, dijo, el alcalde cesar Ulises Garc\u00eda V\u00e1zquez al tomar posesi\u00f3n en el centro social coatzinteco ante unas 3 mil personas.<\/p>\n<p><a href=\"http:\/\/enteratever.com\/2015\/wp-content\/uploads\/2016\/06\/Poza97_7.jpg\"><img loading=\"lazy\" decoding=\"async\" class=\"aligncenter size-full wp-image-53388\" src=\"http:\/\/enteratever.com\/2015\/wp-content\/uploads\/2016\/06\/Poza97_7.jpg\" alt=\"Poza97_7\" width=\"670\" height=\"674\" \/><\/a><\/p>\n<p>Se comprometi\u00f3 a terminar aquellos proyectos inconclusos, sin embargo cabe destacar la situaci\u00f3n econ\u00f3mica que mantiene la administraci\u00f3n del ayuntamiento es cr\u00edtica, siendo una realidad ya que los que dejan esta administraci\u00f3n en su momento no les fue suficiente el presupuesto otorgado no correspondiendo a lo realizado en obras dejando por pagar a cuatro a\u00f1os deuda publica cerca de 22 millones de pesos laudos laborales por m\u00e1s 50 millones de pesos.<\/p>\n<p>La comuna se integra por la sindica Lorena L\u00f3pez Vel\u00e1zquez y los regidores Aldo Herrera Diaz, Jaime Vel\u00e1zquez Gonz\u00e1lez, Jes\u00fas Montal Rodr\u00edguez.<\/p>\n","protected":false},"excerpt":{"rendered":"<p>Visitas: 14 Se inicio de toma de protesta con el honorable cabildo con el presidente electo\u00a0Cesar Ulises Garcia V\u00e1zquez, con la presencia de la sindico \u00fanico Lorena L\u00f3pez Vel\u00e1zquez. El regidor tercero Jes\u00fas Montal Rodr\u00edgez. Regidor primero Aldo Herrera D\u00edaz. Regidor segundo ciudadano Jaime Vel\u00e1zquez Gonz\u00e1lez. Siendo las doce con veinticinco minutos rendir\u00e1 discurso el [&hellip;]<\/p>\n","protected":false},"author":1,"featured_media":163989,"comment_status":"open","ping_status":"open","sticky":false,"template":"","format":"standard","meta":{"footnotes":""},"categories":[216],"tags":[],"class_list":{"0":"post-163988","1":"post","2":"type-post","3":"status-publish","4":"format-standard","5":"has-post-thumbnail","7":"category-coatzintla"},"nelio_content":{"isAutoShareEnabled":true,"autoShareEndMode":"never","automationSources":{"useCustomSentences":false,"customSentences":[]},"followers":[],"suggestedReferences":[],"efiUrl":"","efiAlt":"","highlights":[],"permalinkQueryArgs":[],"series":[]},"_links":{"self":[{"href":"https:\/\/www.enteratever.com\/2023\/wp-json\/wp\/v2\/posts\/163988","targetHints":{"allow":["GET"]}}],"collection":[{"href":"https:\/\/www.enteratever.com\/2023\/wp-json\/wp\/v2\/posts"}],"about":[{"href":"https:\/\/www.enteratever.com\/2023\/wp-json\/wp\/v2\/types\/post"}],"author":[{"embeddable":true,"href":"https:\/\/www.enteratever.com\/2023\/wp-json\/wp\/v2\/users\/1"}],"replies":[{"embeddable":true,"href":"https:\/\/www.enteratever.com\/2023\/wp-json\/wp\/v2\/comments?post=163988"}],"version-history":[{"count":0,"href":"https:\/\/www.enteratever.com\/2023\/wp-json\/wp\/v2\/posts\/163988\/revisions"}],"wp:featuredmedia":[{"embeddable":true,"href":"https:\/\/www.enteratever.com\/2023\/wp-json\/wp\/v2\/media\/163989"}],"wp:attachment":[{"href":"https:\/\/www.enteratever.com\/2023\/wp-json\/wp\/v2\/media?parent=163988"}],"wp:term":[{"taxonomy":"category","embeddable":true,"href":"https:\/\/www.enteratever.com\/2023\/wp-json\/wp\/v2\/categories?post=163988"},{"taxonomy":"post_tag","embeddable":true,"href":"https:\/\/www.enteratever.com\/2023\/wp-json\/wp\/v2\/tags?post=163988"}],"curies":[{"name":"wp","href":"https:\/\/api.w.org\/{rel}","templated":true}]}}