{"id":163987,"date":"2013-12-31T23:20:27","date_gmt":"2013-12-31T23:20:27","guid":{"rendered":"https:\/\/www.enteratever.com\/2023\/alcalde-de-coatzintla-en-la-toma-de-protesta-de-poza-rica-2\/"},"modified":"2013-12-31T23:20:27","modified_gmt":"2013-12-31T23:20:27","slug":"alcalde-de-coatzintla-en-la-toma-de-protesta-de-poza-rica-2","status":"publish","type":"post","link":"https:\/\/www.enteratever.com\/2023\/2013\/12\/31\/alcalde-de-coatzintla-en-la-toma-de-protesta-de-poza-rica-2\/","title":{"rendered":"Alcalde de Coatzintla en la toma de protesta\u2026 de Poza Rica"},"content":{"rendered":"<p>Visitas: 12<\/p><p><a href=\"http:\/\/enteratever.com\/2015\/wp-content\/uploads\/2016\/06\/Poza98.jpg\"><img loading=\"lazy\" decoding=\"async\" class=\"aligncenter size-full wp-image-53375\" src=\"http:\/\/enteratever.com\/2015\/wp-content\/uploads\/2016\/06\/Poza98.jpg\" alt=\"Poza98\" width=\"670\" height=\"628\" \/><\/a><\/p>\n<p>El alcalde saliente de Coatzintla, <strong>V\u00edctor Mois\u00e9s Hern\u00e1ndez Stivalet<\/strong> declin\u00f3 ir a la toma de protesta del nuevo alcalde de su municipio, pues estuvo en la de Poza Rica.\u00a0<span id=\"more-16540\"><\/span><\/p>\n<p>Sentado en segunda fila, bajo el Domo de la Plaza C\u00edvica de Poza Rica, e<strong>l a\u00fan presidente municipal de Coatzintla<\/strong>, pues su periodo vence hasta las 11:59 horas de este martes, Hern\u00e1ndez, estuvo de lo m\u00e1s c\u00f3modo en la ceremonia en la que rindi\u00f3 protesta el nuevo alcalde de Poza Rica, <strong>Sergio Lorenzo Quiroz Cruz<\/strong>.<\/p>\n<p>A la misma hora, en el Centro Social Coatzinteco, <strong>C\u00e9sar Ulises Garc\u00eda V\u00e1zquez<\/strong> tomaba protesta como nuevo edil, sin la presencia de la comuna saliente, como s\u00ed ocurri\u00f3 en Poza Rica.<\/p>\n","protected":false},"excerpt":{"rendered":"<p>Visitas: 12 El alcalde saliente de Coatzintla, V\u00edctor Mois\u00e9s Hern\u00e1ndez Stivalet declin\u00f3 ir a la toma de protesta del nuevo alcalde de su municipio, pues estuvo en la de Poza Rica.\u00a0 Sentado en segunda fila, bajo el Domo de la Plaza C\u00edvica de Poza Rica, el a\u00fan presidente municipal de Coatzintla, pues su periodo vence [&hellip;]<\/p>\n","protected":false},"author":1,"featured_media":155969,"comment_status":"open","ping_status":"open","sticky":false,"template":"","format":"standard","meta":{"footnotes":""},"categories":[216],"tags":[],"class_list":{"0":"post-163987","1":"post","2":"type-post","3":"status-publish","4":"format-standard","5":"has-post-thumbnail","7":"category-coatzintla"},"nelio_content":{"isAutoShareEnabled":true,"autoShareEndMode":"never","automationSources":{"useCustomSentences":false,"customSentences":[]},"followers":[],"suggestedReferences":[],"efiUrl":"","efiAlt":"","highlights":[],"permalinkQueryArgs":[],"series":[]},"_links":{"self":[{"href":"https:\/\/www.enteratever.com\/2023\/wp-json\/wp\/v2\/posts\/163987","targetHints":{"allow":["GET"]}}],"collection":[{"href":"https:\/\/www.enteratever.com\/2023\/wp-json\/wp\/v2\/posts"}],"about":[{"href":"https:\/\/www.enteratever.com\/2023\/wp-json\/wp\/v2\/types\/post"}],"author":[{"embeddable":true,"href":"https:\/\/www.enteratever.com\/2023\/wp-json\/wp\/v2\/users\/1"}],"replies":[{"embeddable":true,"href":"https:\/\/www.enteratever.com\/2023\/wp-json\/wp\/v2\/comments?post=163987"}],"version-history":[{"count":0,"href":"https:\/\/www.enteratever.com\/2023\/wp-json\/wp\/v2\/posts\/163987\/revisions"}],"wp:featuredmedia":[{"embeddable":true,"href":"https:\/\/www.enteratever.com\/2023\/wp-json\/wp\/v2\/media\/155969"}],"wp:attachment":[{"href":"https:\/\/www.enteratever.com\/2023\/wp-json\/wp\/v2\/media?parent=163987"}],"wp:term":[{"taxonomy":"category","embeddable":true,"href":"https:\/\/www.enteratever.com\/2023\/wp-json\/wp\/v2\/categories?post=163987"},{"taxonomy":"post_tag","embeddable":true,"href":"https:\/\/www.enteratever.com\/2023\/wp-json\/wp\/v2\/tags?post=163987"}],"curies":[{"name":"wp","href":"https:\/\/api.w.org\/{rel}","templated":true}]}}