{"id":163945,"date":"2016-02-17T22:13:12","date_gmt":"2016-02-17T22:13:12","guid":{"rendered":"https:\/\/www.enteratever.com\/2023\/inicia-el-lunes-22-de-febrero-la-primera-semana-nacional-de-salud\/"},"modified":"2023-01-28T20:02:14","modified_gmt":"2023-01-28T20:02:14","slug":"inicia-el-lunes-22-de-febrero-la-primera-semana-nacional-de-salud","status":"publish","type":"post","link":"https:\/\/www.enteratever.com\/2023\/2016\/02\/17\/inicia-el-lunes-22-de-febrero-la-primera-semana-nacional-de-salud\/","title":{"rendered":"\u200bInicia el lunes 22 de febrero la Primera Semana Nacional de\u200b \u200bSalud"},"content":{"rendered":"<p>Visitas: 2<\/p><p style=\"text-align: justify;\">Este lunes 22 de febrero se realizar\u00e1 el acto protocolario del arranque de la Primera Semana Nacional de Salud 2016 con la aplicaci\u00f3n de las primeras dosis de vacunas a alumnos del Jard\u00edn de Ni\u00f1os &#8216;Francisco Gabilondo Soler&#8217; del fraccionamiento Kawatzin.<\/p>\n<p style=\"text-align: justify;\">De acuerdo con el director del Centro de Salud Olmecas, Juan Cruz N\u00fa\u00f1ez se pretende que queden protegidos todos los ni\u00f1os menores de cinco a\u00f1os que viven en Coatzintla<\/p>\n<p style=\"text-align: justify;\">\u00abLa meta es primordialmente aplicar la vacuna Sabin a todos los ni\u00f1os menores de cinco a\u00f1os en toda la cabecera municipal y 4 localidades que tenemos a nuestro cargo\u00bb, explico el m\u00e9dico.<\/p>\n<p style=\"text-align: justify;\">Dijo que aunque el arranque protocolario de la Semana Nacional de Salud es el lunes 22 de febrero las brigadas trabajar\u00e1n con recorridos y aplicaci\u00f3n de vacunas desde el s\u00e1bado 20.<\/p>\n<p style=\"text-align: justify;\">Finalmente hizo una invitaci\u00f3n a los padres y tutores de ni\u00f1os menores de cinco a\u00f1os para que acerquen a sus hijos a las brigadas que recorrer\u00e1n todas las colonias y localidades de Coatzintla.<\/p>\n","protected":false},"excerpt":{"rendered":"<p>Visitas: 2Este lunes 22 de febrero se realizar\u00e1 el acto protocolario del arranque de la Primera Semana Nacional de Salud 2016 con la aplicaci\u00f3n de las primeras dosis de vacunas a alumnos del Jard\u00edn de Ni\u00f1os &#8216;Francisco Gabilondo Soler&#8217; del fraccionamiento Kawatzin. De acuerdo con el director del Centro de Salud Olmecas, Juan Cruz N\u00fa\u00f1ez [&hellip;]<\/p>\n","protected":false},"author":2,"featured_media":163946,"comment_status":"open","ping_status":"open","sticky":false,"template":"","format":"standard","meta":{"footnotes":""},"categories":[216],"tags":[],"class_list":{"0":"post-163945","1":"post","2":"type-post","3":"status-publish","4":"format-standard","5":"has-post-thumbnail","7":"category-coatzintla"},"nelio_content":{"isAutoShareEnabled":true,"autoShareEndMode":"never","automationSources":{"useCustomSentences":false,"customSentences":[]},"followers":[],"suggestedReferences":[],"efiUrl":"","efiAlt":"","highlights":[],"permalinkQueryArgs":[],"series":[]},"_links":{"self":[{"href":"https:\/\/www.enteratever.com\/2023\/wp-json\/wp\/v2\/posts\/163945","targetHints":{"allow":["GET"]}}],"collection":[{"href":"https:\/\/www.enteratever.com\/2023\/wp-json\/wp\/v2\/posts"}],"about":[{"href":"https:\/\/www.enteratever.com\/2023\/wp-json\/wp\/v2\/types\/post"}],"author":[{"embeddable":true,"href":"https:\/\/www.enteratever.com\/2023\/wp-json\/wp\/v2\/users\/2"}],"replies":[{"embeddable":true,"href":"https:\/\/www.enteratever.com\/2023\/wp-json\/wp\/v2\/comments?post=163945"}],"version-history":[{"count":1,"href":"https:\/\/www.enteratever.com\/2023\/wp-json\/wp\/v2\/posts\/163945\/revisions"}],"predecessor-version":[{"id":184164,"href":"https:\/\/www.enteratever.com\/2023\/wp-json\/wp\/v2\/posts\/163945\/revisions\/184164"}],"wp:featuredmedia":[{"embeddable":true,"href":"https:\/\/www.enteratever.com\/2023\/wp-json\/wp\/v2\/media\/163946"}],"wp:attachment":[{"href":"https:\/\/www.enteratever.com\/2023\/wp-json\/wp\/v2\/media?parent=163945"}],"wp:term":[{"taxonomy":"category","embeddable":true,"href":"https:\/\/www.enteratever.com\/2023\/wp-json\/wp\/v2\/categories?post=163945"},{"taxonomy":"post_tag","embeddable":true,"href":"https:\/\/www.enteratever.com\/2023\/wp-json\/wp\/v2\/tags?post=163945"}],"curies":[{"name":"wp","href":"https:\/\/api.w.org\/{rel}","templated":true}]}}