{"id":163935,"date":"2016-02-09T16:12:33","date_gmt":"2016-02-09T16:12:33","guid":{"rendered":"https:\/\/www.enteratever.com\/2023\/recortan-y-retienen-presupuesto-a-alcaldes-de-oposicion-por-la-temporada-electoral-cugv\/"},"modified":"2023-01-28T20:02:40","modified_gmt":"2023-01-28T20:02:40","slug":"recortan-y-retienen-presupuesto-a-alcaldes-de-oposicion-por-la-temporada-electoral-cugv","status":"publish","type":"post","link":"https:\/\/www.enteratever.com\/2023\/2016\/02\/09\/recortan-y-retienen-presupuesto-a-alcaldes-de-oposicion-por-la-temporada-electoral-cugv\/","title":{"rendered":"Recortan y retienen presupuesto a alcaldes de oposici\u00f3n por la temporada electoral: CUGV"},"content":{"rendered":"<p>Visitas: 0<\/p><p style=\"text-align: justify;\">El presidente municipal C\u00e9sar Ulises Garc\u00eda V\u00e1zquez aplaudi\u00f3 los anuncios del presidente Enrique Pe\u00f1a Nieto de que la educaci\u00f3n en M\u00e9xico es prioridad pero lo convoc\u00f3 a realizar inversiones en infraestructura y empleos para colocar en el sector productivo egresados de las universidades p\u00fablicas y privadas del norte del estado.<\/p>\n<p style=\"text-align: justify;\">En el marco de la entrega de reconocimientos a estudiantes del Tecnol\u00f3gico de Poza Rica destacados en rob\u00f3tica y mecatr\u00f3nica dijo que es tema prioritario crear las condiciones para que esa mano de obra calificada se quede en Poza Rica y la regi\u00f3n.<\/p>\n<p style=\"text-align: justify;\">\u00abLo que el Presidente no precis\u00f3 fue el monto de las inversiones para infraestructura educativa y empleos para ocupar a esos egresados. Es urgente que las palabras vengan acompa\u00f1adas de inversiones y acciones que nos ayuden a salir de la crisis econ\u00f3mica\u00bb.<\/p>\n<p style=\"text-align: justify;\">Tambi\u00e9n opin\u00f3 que deben destrabarse ya los recursos para atender la emergencia econ\u00f3mica de Poza Rica afectada por la baja en la industria petrolera.<\/p>\n<p style=\"text-align: justify;\">Por otro lado lament\u00f3 que por el proceso electoral el Gobierno del estado recorte y retenga recursos federales a los alcaldes de oposici\u00f3n.<\/p>\n<p style=\"text-align: justify;\">Dijo que el primer a\u00f1o de su administraci\u00f3n la Sefiplan qued\u00f3 a deber 1 mill\u00f3n de pesos, el segundo a\u00f1o fueron aproximadamente tres millones y tambi\u00e9n bloquearon los recursos -ya etiquetados- para la construcci\u00f3n de pavimento de una calle.<\/p>\n<p style=\"text-align: justify;\">Precis\u00f3 que se trata de la calle Josefa Ortiz de Dom\u00ednguez que une a Barrio de Xico con Kawatzin y que los recursos federales por 2.5 millones de pesos ya fueron liberados por la federaci\u00f3n pero son retenidos por el Sefiplan.<\/p>\n","protected":false},"excerpt":{"rendered":"<p>Visitas: 0El presidente municipal C\u00e9sar Ulises Garc\u00eda V\u00e1zquez aplaudi\u00f3 los anuncios del presidente Enrique Pe\u00f1a Nieto de que la educaci\u00f3n en M\u00e9xico es prioridad pero lo convoc\u00f3 a realizar inversiones en infraestructura y empleos para colocar en el sector productivo egresados de las universidades p\u00fablicas y privadas del norte del estado. En el marco de [&hellip;]<\/p>\n","protected":false},"author":2,"featured_media":163936,"comment_status":"open","ping_status":"open","sticky":false,"template":"","format":"standard","meta":{"footnotes":""},"categories":[216],"tags":[],"class_list":{"0":"post-163935","1":"post","2":"type-post","3":"status-publish","4":"format-standard","5":"has-post-thumbnail","7":"category-coatzintla"},"nelio_content":{"isAutoShareEnabled":true,"autoShareEndMode":"never","automationSources":{"useCustomSentences":false,"customSentences":[]},"followers":[],"suggestedReferences":[],"efiUrl":"","efiAlt":"","highlights":[],"permalinkQueryArgs":[],"series":[]},"_links":{"self":[{"href":"https:\/\/www.enteratever.com\/2023\/wp-json\/wp\/v2\/posts\/163935","targetHints":{"allow":["GET"]}}],"collection":[{"href":"https:\/\/www.enteratever.com\/2023\/wp-json\/wp\/v2\/posts"}],"about":[{"href":"https:\/\/www.enteratever.com\/2023\/wp-json\/wp\/v2\/types\/post"}],"author":[{"embeddable":true,"href":"https:\/\/www.enteratever.com\/2023\/wp-json\/wp\/v2\/users\/2"}],"replies":[{"embeddable":true,"href":"https:\/\/www.enteratever.com\/2023\/wp-json\/wp\/v2\/comments?post=163935"}],"version-history":[{"count":1,"href":"https:\/\/www.enteratever.com\/2023\/wp-json\/wp\/v2\/posts\/163935\/revisions"}],"predecessor-version":[{"id":184170,"href":"https:\/\/www.enteratever.com\/2023\/wp-json\/wp\/v2\/posts\/163935\/revisions\/184170"}],"wp:featuredmedia":[{"embeddable":true,"href":"https:\/\/www.enteratever.com\/2023\/wp-json\/wp\/v2\/media\/163936"}],"wp:attachment":[{"href":"https:\/\/www.enteratever.com\/2023\/wp-json\/wp\/v2\/media?parent=163935"}],"wp:term":[{"taxonomy":"category","embeddable":true,"href":"https:\/\/www.enteratever.com\/2023\/wp-json\/wp\/v2\/categories?post=163935"},{"taxonomy":"post_tag","embeddable":true,"href":"https:\/\/www.enteratever.com\/2023\/wp-json\/wp\/v2\/tags?post=163935"}],"curies":[{"name":"wp","href":"https:\/\/api.w.org\/{rel}","templated":true}]}}