{"id":163650,"date":"2015-09-08T00:16:59","date_gmt":"2015-09-08T00:16:59","guid":{"rendered":"https:\/\/www.enteratever.com\/2023\/van-por-solucion-a-disputa-legal-en-cobaev-plantel-32\/"},"modified":"2015-09-08T00:16:59","modified_gmt":"2015-09-08T00:16:59","slug":"van-por-solucion-a-disputa-legal-en-cobaev-plantel-32","status":"publish","type":"post","link":"https:\/\/www.enteratever.com\/2023\/2015\/09\/08\/van-por-solucion-a-disputa-legal-en-cobaev-plantel-32\/","title":{"rendered":"Van por soluci\u00f3n a disputa legal en Cobaev plantel 32"},"content":{"rendered":"<p>Visitas: 11<\/p><p style=\"text-align: justify;\">Despu\u00e9s de 21 a\u00f1os de litigios entre el plantel 32 del Colegio de Bachilleres del Estado de Veracruz (COBAEV) y un particular, por gestiones del Ayuntamiento local, est\u00e1 a punto de resolverse el conflicto.<\/p>\n<p style=\"text-align: justify;\">El presidente municipal C\u00e9sar Ulises Garc\u00eda V\u00e1zquez, dialog\u00f3 con el director de esa instituci\u00f3n educativa, Genaro L\u00f3pez Valdivia y con docentes sobre las opciones que se tienen para alcanzar un acuerdo.<\/p>\n<p style=\"text-align: justify;\">Uno de los planteamientos permitir\u00eda que se cubriera el reclamo de la otra parte, con un terreno y dinero, lo que le dar\u00eda al COBAEV la oportunidad de disponer de todo el espacio territorial.<\/p>\n<p style=\"text-align: justify;\">Si bien, con la intervenci\u00f3n del Ayuntamiento y con la participaci\u00f3n del COBAEV, se resolver\u00eda esta problem\u00e1tica, todo el terreno quedar\u00eda como parte de la instituci\u00f3n educativa.<\/p>\n<p style=\"text-align: justify;\">Cabe mencionar que el Mun\u00edcipe coment\u00f3 que en el predio ubicado a un costado del plantel 32 se tienen planes para acondicionarlo como campo deportivo de futbol o beisbol en beneficio de los estudiantes y los habitantes de Kawatzin.<\/p>\n<p style=\"text-align: justify;\">Pie.- A TRAV\u00c9S de un acuerdo en el participa el Ayuntamiento de Coatzintla se podr\u00eda resolver a\u00f1ejo conflicto territorial con un particular y el COBAEV 32.<\/p>\n","protected":false},"excerpt":{"rendered":"<p>Visitas: 11Despu\u00e9s de 21 a\u00f1os de litigios entre el plantel 32 del Colegio de Bachilleres del Estado de Veracruz (COBAEV) y un particular, por gestiones del Ayuntamiento local, est\u00e1 a punto de resolverse el conflicto. El presidente municipal C\u00e9sar Ulises Garc\u00eda V\u00e1zquez, dialog\u00f3 con el director de esa instituci\u00f3n educativa, Genaro L\u00f3pez Valdivia y con [&hellip;]<\/p>\n","protected":false},"author":1,"featured_media":163651,"comment_status":"open","ping_status":"open","sticky":false,"template":"","format":"standard","meta":{"footnotes":""},"categories":[216],"tags":[],"class_list":{"0":"post-163650","1":"post","2":"type-post","3":"status-publish","4":"format-standard","5":"has-post-thumbnail","7":"category-coatzintla"},"nelio_content":{"isAutoShareEnabled":true,"autoShareEndMode":"never","automationSources":{"useCustomSentences":false,"customSentences":[]},"followers":[],"suggestedReferences":[],"efiUrl":"","efiAlt":"","highlights":[],"permalinkQueryArgs":[],"series":[]},"_links":{"self":[{"href":"https:\/\/www.enteratever.com\/2023\/wp-json\/wp\/v2\/posts\/163650","targetHints":{"allow":["GET"]}}],"collection":[{"href":"https:\/\/www.enteratever.com\/2023\/wp-json\/wp\/v2\/posts"}],"about":[{"href":"https:\/\/www.enteratever.com\/2023\/wp-json\/wp\/v2\/types\/post"}],"author":[{"embeddable":true,"href":"https:\/\/www.enteratever.com\/2023\/wp-json\/wp\/v2\/users\/1"}],"replies":[{"embeddable":true,"href":"https:\/\/www.enteratever.com\/2023\/wp-json\/wp\/v2\/comments?post=163650"}],"version-history":[{"count":0,"href":"https:\/\/www.enteratever.com\/2023\/wp-json\/wp\/v2\/posts\/163650\/revisions"}],"wp:featuredmedia":[{"embeddable":true,"href":"https:\/\/www.enteratever.com\/2023\/wp-json\/wp\/v2\/media\/163651"}],"wp:attachment":[{"href":"https:\/\/www.enteratever.com\/2023\/wp-json\/wp\/v2\/media?parent=163650"}],"wp:term":[{"taxonomy":"category","embeddable":true,"href":"https:\/\/www.enteratever.com\/2023\/wp-json\/wp\/v2\/categories?post=163650"},{"taxonomy":"post_tag","embeddable":true,"href":"https:\/\/www.enteratever.com\/2023\/wp-json\/wp\/v2\/tags?post=163650"}],"curies":[{"name":"wp","href":"https:\/\/api.w.org\/{rel}","templated":true}]}}