{"id":163425,"date":"2016-10-05T20:20:53","date_gmt":"2016-10-05T20:20:53","guid":{"rendered":"https:\/\/www.enteratever.com\/2023\/se-integra-centro-de-las-artes-indigenas-a-red-de-historia-oral-regional\/"},"modified":"2023-01-28T16:33:29","modified_gmt":"2023-01-28T16:33:29","slug":"se-integra-centro-de-las-artes-indigenas-a-red-de-historia-oral-regional","status":"publish","type":"post","link":"https:\/\/www.enteratever.com\/2023\/2016\/10\/05\/se-integra-centro-de-las-artes-indigenas-a-red-de-historia-oral-regional\/","title":{"rendered":"Se integra Centro de las Artes Ind\u00edgenas a red de historia oral regional"},"content":{"rendered":"<p>Visitas: 1<\/p><p style=\"text-align: justify;\">A fin de conformar una red de historia oral regional, el coordinador del Kantiyan del Centro de las Artes Ind\u00edgenas (CAI), Miguel Juan Le\u00f3n, fue becado por el Centro de Documentaci\u00f3n, Investigaci\u00f3n e Informaci\u00f3n de los Pueblos Ind\u00edgenas (DOCIP), situado en Ginebra, Suiza, para participar en un taller de seguimiento en Buenos Aires, Argentina.<\/p>\n<p style=\"text-align: justify;\">El encuentro fue del 26 de septiembre al 02 de octubre, con la presencia de j\u00f3venes delegados de Bolivia, Chile, Nicaragua, Per\u00fa, Colombia, Paraguay, Ecuador, Guatemala y M\u00e9xico, con la idea de constituir una red mundial de historia oral ind\u00edgena.<\/p>\n<p style=\"text-align: justify;\">Cabe se\u00f1alar que el curso es parte de un proyecto que se efectu\u00f3 en marzo en Dakota del Sur, y se espera que contin\u00fae en Asia y \u00c1frica. Por esta ocasi\u00f3n, durante cinco d\u00edas, Miguel Juan Le\u00f3n asisti\u00f3 a clases te\u00f3ricas y actividades pr\u00e1cticas, en las que tambi\u00e9n participaron notables ind\u00edgenas de la regi\u00f3n.<\/p>\n<p style=\"text-align: justify;\">Al respecto, se\u00f1al\u00f3 que en momentos dif\u00edciles resulta esperanzador comunicar y compartir el modelo de regeneraci\u00f3n cultural de El Taj\u00edn, especialmente entre los hermanos j\u00f3venes de los pueblos ind\u00edgenas de Am\u00e9rica Central y Sudam\u00e9rica: Kichwa de la Amazon\u00eda (Ecuador), Quechua-Andina-Ayacucho (Per\u00fa), Maya Kaqchikel (Guatemala), Aymara-Qullasuyu (Bolivia), Diaguita y Qom (Argentina), Embera (Colombia), Ng\u00e4be-Bugl\u00e9 (Panam\u00e1), Ayoreo Totobiegosode (Paraguay) y Mapuche (Chile).<\/p>\n<p style=\"text-align: justify;\">Este encuentro fue organizado por el Consejo de los Primeros Delegados ante la Organizaci\u00f3n de las Naciones Unidas (ONU), en coordinaci\u00f3n y apoyo del DOCIP de Ginebra, cuya peculiaridad radica en que se conforma por gente joven activa en las redes, que puede desempe\u00f1ar el papel de receptor para difundir y fortalecer el movimiento ind\u00edgena regional.<\/p>\n<p style=\"text-align: justify;\">El caso del representante del CAI, originario del municipio de Mecatl\u00e1n, Veracruz, ha destacado por participar en foros y encuentros internacionales, como El Colegio de la Globalizaci\u00f3n 2014, en el que confirm\u00f3 su compromiso para impulsar a la cultura totonaca.<\/p>\n<p style=\"text-align: justify;\">En consecuencia, su labor pone en alto al Centro de las Artes Ind\u00edgenas, que en 2012 fue incluido en la Lista de Mejores Pr\u00e1cticas para la Salvaguardia del Patrimonio Cultural Inmaterial de la Humanidad, por parte de la Organizaci\u00f3n de las Naciones Unidas para la Educaci\u00f3n, la Ciencia y la Cultura (UNESCO).<\/p>\n","protected":false},"excerpt":{"rendered":"<p>Visitas: 1A fin de conformar una red de historia oral regional, el coordinador del Kantiyan del Centro de las Artes Ind\u00edgenas (CAI), Miguel Juan Le\u00f3n, fue becado por el Centro de Documentaci\u00f3n, Investigaci\u00f3n e Informaci\u00f3n de los Pueblos Ind\u00edgenas (DOCIP), situado en Ginebra, Suiza, para participar en un taller de seguimiento en Buenos Aires, Argentina. [&hellip;]<\/p>\n","protected":false},"author":2,"featured_media":163426,"comment_status":"open","ping_status":"open","sticky":false,"template":"","format":"standard","meta":{"footnotes":""},"categories":[215],"tags":[],"class_list":{"0":"post-163425","1":"post","2":"type-post","3":"status-publish","4":"format-standard","5":"has-post-thumbnail","7":"category-papantla"},"nelio_content":{"isAutoShareEnabled":true,"autoShareEndMode":"never","automationSources":{"useCustomSentences":false,"customSentences":[]},"followers":[],"suggestedReferences":[],"efiUrl":"","efiAlt":"","highlights":[],"permalinkQueryArgs":[],"series":[]},"_links":{"self":[{"href":"https:\/\/www.enteratever.com\/2023\/wp-json\/wp\/v2\/posts\/163425","targetHints":{"allow":["GET"]}}],"collection":[{"href":"https:\/\/www.enteratever.com\/2023\/wp-json\/wp\/v2\/posts"}],"about":[{"href":"https:\/\/www.enteratever.com\/2023\/wp-json\/wp\/v2\/types\/post"}],"author":[{"embeddable":true,"href":"https:\/\/www.enteratever.com\/2023\/wp-json\/wp\/v2\/users\/2"}],"replies":[{"embeddable":true,"href":"https:\/\/www.enteratever.com\/2023\/wp-json\/wp\/v2\/comments?post=163425"}],"version-history":[{"count":1,"href":"https:\/\/www.enteratever.com\/2023\/wp-json\/wp\/v2\/posts\/163425\/revisions"}],"predecessor-version":[{"id":184063,"href":"https:\/\/www.enteratever.com\/2023\/wp-json\/wp\/v2\/posts\/163425\/revisions\/184063"}],"wp:featuredmedia":[{"embeddable":true,"href":"https:\/\/www.enteratever.com\/2023\/wp-json\/wp\/v2\/media\/163426"}],"wp:attachment":[{"href":"https:\/\/www.enteratever.com\/2023\/wp-json\/wp\/v2\/media?parent=163425"}],"wp:term":[{"taxonomy":"category","embeddable":true,"href":"https:\/\/www.enteratever.com\/2023\/wp-json\/wp\/v2\/categories?post=163425"},{"taxonomy":"post_tag","embeddable":true,"href":"https:\/\/www.enteratever.com\/2023\/wp-json\/wp\/v2\/tags?post=163425"}],"curies":[{"name":"wp","href":"https:\/\/api.w.org\/{rel}","templated":true}]}}