{"id":163415,"date":"2016-09-20T01:01:28","date_gmt":"2016-09-20T01:01:28","guid":{"rendered":"https:\/\/www.enteratever.com\/2023\/episcopado-lamenta-asesinato-de-sacerdotes-en-veracruz\/"},"modified":"2023-01-28T16:33:54","modified_gmt":"2023-01-28T16:33:54","slug":"episcopado-lamenta-asesinato-de-sacerdotes-en-veracruz","status":"publish","type":"post","link":"https:\/\/www.enteratever.com\/2023\/2016\/09\/20\/episcopado-lamenta-asesinato-de-sacerdotes-en-veracruz\/","title":{"rendered":"Episcopado lamenta asesinato de sacerdotes en Veracruz"},"content":{"rendered":"<p>Visitas: 1<\/p><p style=\"text-align: justify;\">La Conferencia del Episcopado Mexicano lament\u00f3 el asesinato de dos sacerdotes cat\u00f3licos en el norte de Veracruz y exigieron la aplicaci\u00f3n de la justicia.<\/p>\n<p style=\"text-align: justify;\">En un comunicado de prensa firmado por el Arzobispo de Guadalajara y presidente de dicha conferencia, Francisco Robles Ortega, expresaron condolencias, cercan\u00eda y oraci\u00f3n a la di\u00f3cesis de Papantla, a su obispo y a los familiares de los dos curas.<\/p>\n<p style=\"text-align: justify;\">\u201cA los familiares de los sacerdotes Alejo Nabor Jim\u00e9nez Ju\u00e1rez y Jos\u00e9 Alfredo Ju\u00e1rez de la Cruz que fueron privados de la vida, externamos nuestro dolor e indignaci\u00f3n ante la violencia ejercida contra ellos\u201d, expres\u00f3.<\/p>\n<p style=\"text-align: justify;\">El texto de la CEM asegur\u00f3 que en estos momentos de dolor, impotencia y tragedia provocada por la violencia, elevan su plegaria al cielo por el eterno descanso de sus hermanos.<\/p>\n<p style=\"text-align: justify;\">\u201cImploramos al Se\u00f1or la conversi\u00f3n de sus agresores; de la autoridad esperamos el esclarecimiento de los hechos y la aplicaci\u00f3n de la justicia contra los responsables\u201d, demandaron.<\/p>\n<p style=\"text-align: justify;\">Rogaron al Se\u00f1or bendiga la amada Patria, y \u201cpedimos la intercesi\u00f3n de Santa Mar\u00eda de Guadalupe Reina de la Paz, para que unidos busquemos la integridad y el progreso de nuestro pueblo\u201d.<\/p>\n<p style=\"text-align: justify;\">Los hechos ocurrieron en el municipio de Poza Rica, ubicado en el norte del estado de Veracruz, donde fueron asesinados los sacerdotes identificados como Alejo Nabor\u00ed y Jos\u00e9 Alfredo Jim\u00e9nez Ju\u00e1rez.<\/p>\n<p style=\"text-align: justify;\">En esa regi\u00f3n del estado un grupo armado ingres\u00f3 a la iglesia Nuestra Se\u00f1ora de F\u00e1tima de la colonia Petromex y privo de la libertad a a los sacerdotes, quienes aparecieron muertos en el municipio conurbado de Pantla.<\/p>\n","protected":false},"excerpt":{"rendered":"<p>Visitas: 1La Conferencia del Episcopado Mexicano lament\u00f3 el asesinato de dos sacerdotes cat\u00f3licos en el norte de Veracruz y exigieron la aplicaci\u00f3n de la justicia. En un comunicado de prensa firmado por el Arzobispo de Guadalajara y presidente de dicha conferencia, Francisco Robles Ortega, expresaron condolencias, cercan\u00eda y oraci\u00f3n a la di\u00f3cesis de Papantla, a [&hellip;]<\/p>\n","protected":false},"author":2,"featured_media":163416,"comment_status":"open","ping_status":"open","sticky":false,"template":"","format":"standard","meta":{"footnotes":""},"categories":[215],"tags":[],"class_list":{"0":"post-163415","1":"post","2":"type-post","3":"status-publish","4":"format-standard","5":"has-post-thumbnail","7":"category-papantla"},"nelio_content":{"isAutoShareEnabled":true,"autoShareEndMode":"never","automationSources":{"useCustomSentences":false,"customSentences":[]},"followers":[],"suggestedReferences":[],"efiUrl":"","efiAlt":"","highlights":[],"permalinkQueryArgs":[],"series":[]},"_links":{"self":[{"href":"https:\/\/www.enteratever.com\/2023\/wp-json\/wp\/v2\/posts\/163415","targetHints":{"allow":["GET"]}}],"collection":[{"href":"https:\/\/www.enteratever.com\/2023\/wp-json\/wp\/v2\/posts"}],"about":[{"href":"https:\/\/www.enteratever.com\/2023\/wp-json\/wp\/v2\/types\/post"}],"author":[{"embeddable":true,"href":"https:\/\/www.enteratever.com\/2023\/wp-json\/wp\/v2\/users\/2"}],"replies":[{"embeddable":true,"href":"https:\/\/www.enteratever.com\/2023\/wp-json\/wp\/v2\/comments?post=163415"}],"version-history":[{"count":1,"href":"https:\/\/www.enteratever.com\/2023\/wp-json\/wp\/v2\/posts\/163415\/revisions"}],"predecessor-version":[{"id":184068,"href":"https:\/\/www.enteratever.com\/2023\/wp-json\/wp\/v2\/posts\/163415\/revisions\/184068"}],"wp:featuredmedia":[{"embeddable":true,"href":"https:\/\/www.enteratever.com\/2023\/wp-json\/wp\/v2\/media\/163416"}],"wp:attachment":[{"href":"https:\/\/www.enteratever.com\/2023\/wp-json\/wp\/v2\/media?parent=163415"}],"wp:term":[{"taxonomy":"category","embeddable":true,"href":"https:\/\/www.enteratever.com\/2023\/wp-json\/wp\/v2\/categories?post=163415"},{"taxonomy":"post_tag","embeddable":true,"href":"https:\/\/www.enteratever.com\/2023\/wp-json\/wp\/v2\/tags?post=163415"}],"curies":[{"name":"wp","href":"https:\/\/api.w.org\/{rel}","templated":true}]}}