{"id":163409,"date":"2016-09-08T23:08:27","date_gmt":"2016-09-08T23:08:27","guid":{"rendered":"https:\/\/www.enteratever.com\/2023\/participa-centro-de-las-artes-indigenas-en-dialogo-sobre-la-jurisprudencia-de-la-tierra\/"},"modified":"2023-01-28T16:33:55","modified_gmt":"2023-01-28T16:33:55","slug":"participa-centro-de-las-artes-indigenas-en-dialogo-sobre-la-jurisprudencia-de-la-tierra","status":"publish","type":"post","link":"https:\/\/www.enteratever.com\/2023\/2016\/09\/08\/participa-centro-de-las-artes-indigenas-en-dialogo-sobre-la-jurisprudencia-de-la-tierra\/","title":{"rendered":"Participa Centro de las Artes Ind\u00edgenas en di\u00e1logo sobre la jurisprudencia de la Tierra"},"content":{"rendered":"<p>Visitas: 0<\/p><p style=\"text-align: justify;\">En un di\u00e1logo virtual sin precedentes en torno a los derechos de la Tierra, integrantes del Centro de las Artes Ind\u00edgenas se incorporaron al grupo de expertos de la Red de Conocimientos de la Armon\u00eda con la Naturaleza, convocado por la Asamblea General de la Organizaci\u00f3n de las Naciones Unidas (ONU).<\/p>\n<p style=\"text-align: justify;\">Por parte de la instituci\u00f3n de ense\u00f1anza cultural ubicada en Papantla, Veracruz, participaron el Abuelo Gerardo Cruz, presidente del Consejo Supremo Totonaca, y los fundadores del CAI, Salom\u00f3n Bazbaz Lapidus, y de la Casa de Medios de Comunicaci\u00f3n y Difusi\u00f3n del recinto, Chloe Campero.<\/p>\n<p style=\"text-align: justify;\">As\u00ed, los representantes de la entidad se unieron a la iniciativa que tuvo como prop\u00f3sito recabar las opiniones de los pa\u00edses que reconocen los derechos de la naturaleza, coloc\u00e1ndose en un lugar privilegiado en el conversatorio mundial sobre considerar a la Tierra como sujeto de derechos.<\/p>\n<p style=\"text-align: justify;\">Para este primer di\u00e1logo virtual, el tema rector fue la jurisprudencia de la Tierra, reuniendo a profesionales, pensadores y acad\u00e9micos que aportaron sus conocimientos, experiencias e iniciativas en el tema, como el caso de Bazbaz, que recientemente intervino en la organizaci\u00f3n del primer Foro Internacional por los Derechos de la Madre Tierra, en la Ciudad de M\u00e9xico, que incluy\u00f3 el encuentro musical Pachamama Fest y la Aldea de Paz, donde el CAI tuvo una participaci\u00f3n esencial en la estructuraci\u00f3n, convocatoria y desarrollo del programa reflexivo.<\/p>\n<p style=\"text-align: justify;\">En cuanto a los rubros mediante los cuales se abord\u00f3 la jurisprudencia de la Tierra, destacan temas relacionados con filosof\u00eda, econom\u00eda, ciencia, educaci\u00f3n, ecolog\u00eda, medios de comunicaci\u00f3n, \u00e9tica y artes.<\/p>\n<p style=\"text-align: justify;\">Cabe se\u00f1alar que esta actividad deriv\u00f3 de los di\u00e1logos que en 2015 organiz\u00f3 la ONU, encaminados a reconocer que el desarrollo sostenible es un concepto hol\u00edstico que exige que se fortalezcan los v\u00ednculos interdisciplinarios entre las distintas ramas del conocimiento, de ah\u00ed que en 2016 se conformara una red virtual.<\/p>\n<p style=\"text-align: justify;\">Con esta participaci\u00f3n, tambi\u00e9n el CAI se posiciona como una referencia mundial en cuestiones de vanguardia como el reconocimiento de los derechos de la naturaleza vinculados al desarrollo sostenible, mostrando que M\u00e9xico, y en particular Veracruz, tiene una fuente de sabidur\u00eda ancestral que promueve una visi\u00f3n del mundo centrada en la Tierra.<\/p>\n<p style=\"text-align: justify;\">En 2012, el Centro de las Artes Ind\u00edgenas fue incluido en la Lista de Mejores Pr\u00e1cticas para la Salvaguardia del Patrimonio Cultural Inmaterial de la Humanidad, por parte de la Organizaci\u00f3n de las Naciones Unidas para la Educaci\u00f3n, la Ciencia y la Cultura (UNESCO), y desde entonces se ha enriquecido en foros como \u00e9ste para dar continuidad a sus objetivos.<\/p>\n","protected":false},"excerpt":{"rendered":"<p>Visitas: 0En un di\u00e1logo virtual sin precedentes en torno a los derechos de la Tierra, integrantes del Centro de las Artes Ind\u00edgenas se incorporaron al grupo de expertos de la Red de Conocimientos de la Armon\u00eda con la Naturaleza, convocado por la Asamblea General de la Organizaci\u00f3n de las Naciones Unidas (ONU). Por parte de [&hellip;]<\/p>\n","protected":false},"author":2,"featured_media":163410,"comment_status":"open","ping_status":"open","sticky":false,"template":"","format":"standard","meta":{"footnotes":""},"categories":[215],"tags":[],"class_list":{"0":"post-163409","1":"post","2":"type-post","3":"status-publish","4":"format-standard","5":"has-post-thumbnail","7":"category-papantla"},"nelio_content":{"isAutoShareEnabled":true,"autoShareEndMode":"never","automationSources":{"useCustomSentences":false,"customSentences":[]},"followers":[],"suggestedReferences":[],"efiUrl":"","efiAlt":"","highlights":[],"permalinkQueryArgs":[],"series":[]},"_links":{"self":[{"href":"https:\/\/www.enteratever.com\/2023\/wp-json\/wp\/v2\/posts\/163409","targetHints":{"allow":["GET"]}}],"collection":[{"href":"https:\/\/www.enteratever.com\/2023\/wp-json\/wp\/v2\/posts"}],"about":[{"href":"https:\/\/www.enteratever.com\/2023\/wp-json\/wp\/v2\/types\/post"}],"author":[{"embeddable":true,"href":"https:\/\/www.enteratever.com\/2023\/wp-json\/wp\/v2\/users\/2"}],"replies":[{"embeddable":true,"href":"https:\/\/www.enteratever.com\/2023\/wp-json\/wp\/v2\/comments?post=163409"}],"version-history":[{"count":1,"href":"https:\/\/www.enteratever.com\/2023\/wp-json\/wp\/v2\/posts\/163409\/revisions"}],"predecessor-version":[{"id":184070,"href":"https:\/\/www.enteratever.com\/2023\/wp-json\/wp\/v2\/posts\/163409\/revisions\/184070"}],"wp:featuredmedia":[{"embeddable":true,"href":"https:\/\/www.enteratever.com\/2023\/wp-json\/wp\/v2\/media\/163410"}],"wp:attachment":[{"href":"https:\/\/www.enteratever.com\/2023\/wp-json\/wp\/v2\/media?parent=163409"}],"wp:term":[{"taxonomy":"category","embeddable":true,"href":"https:\/\/www.enteratever.com\/2023\/wp-json\/wp\/v2\/categories?post=163409"},{"taxonomy":"post_tag","embeddable":true,"href":"https:\/\/www.enteratever.com\/2023\/wp-json\/wp\/v2\/tags?post=163409"}],"curies":[{"name":"wp","href":"https:\/\/api.w.org\/{rel}","templated":true}]}}