{"id":160021,"date":"2013-12-31T23:43:54","date_gmt":"2013-12-31T23:43:54","guid":{"rendered":"https:\/\/www.enteratever.com\/2023\/goyo-gomez-rinde-protesta-como-alcalde-de-tihuatlan\/"},"modified":"2013-12-31T23:43:54","modified_gmt":"2013-12-31T23:43:54","slug":"goyo-gomez-rinde-protesta-como-alcalde-de-tihuatlan","status":"publish","type":"post","link":"https:\/\/www.enteratever.com\/2023\/2013\/12\/31\/goyo-gomez-rinde-protesta-como-alcalde-de-tihuatlan\/","title":{"rendered":"\u201cGoyo\u201d G\u00f3mez rinde protesta como Alcalde de Tihuatl\u00e1n"},"content":{"rendered":"<p>Visitas: 3<\/p><p><a href=\"http:\/\/enteratever.com\/2015\/wp-content\/uploads\/2016\/06\/Poza99_3.jpg\"><img loading=\"lazy\" decoding=\"async\" class=\"aligncenter size-full wp-image-53369\" src=\"http:\/\/enteratever.com\/2015\/wp-content\/uploads\/2016\/06\/Poza99_3.jpg\" alt=\"Poza99_3\" width=\"670\" height=\"388\" \/><\/a><\/p>\n<p>En acto protocolario realizado en el auditorio del Palacio Municipal Gregorio G\u00f3mez Mart\u00ednez rindi\u00f3 protesta como Alcalde para la administraci\u00f3n 2014-2017 comprometi\u00e9ndose a combatir la pobreza extrema en la que viven 14 mil personas, apostando al desarrollo econ\u00f3mico, sector educativo, salud y apoyo al campo como ejes rectores de su gobierno.<span id=\"more-16620\"><\/span>Luego de rendir protesta como Alcalde de Tihuatlan, Gregorio Gomez Mart\u00ednez dio los nombramientos oficiales al Sindico, Dami\u00e1n Dur\u00e1n Andr\u00e9s; regidor primero, Azucena Rodr\u00edguez Zamora; regidor segundo, H\u00e9ctor Manuel Ponce Garc\u00eda; regidor tercero, Guadalupe Garcia Almora; regidor cuarto, Zenaida Hern\u00e1ndez P\u00e9rez y regidor quinto, Mar\u00eda de los \u00c1ngeles Mart\u00ednez Romero.<\/p>\n<p>Estuvo acompa\u00f1ado por su esposa, Mar\u00eda Zita Loya de G\u00f3mez, Presidenta del DIF municipal, sus hijos y el subdirector de supervisi\u00f3n y mantenimiento de la CAEV en representaci\u00f3n del Gobierno del Estado, Heriberto Villareal Ben\u00edtez.<\/p>\n<p>Manifest\u00f3 que realizar\u00e1 un trabajo responsable para dar un presente y futuro mejor a Tihuatl\u00e1n en donde ya no haya comunidades sin servicios b\u00e1sicos como drenaje y electricidad y poder sacar de la pobreza extrema a 14 mil personas.<\/p>\n<p><a href=\"http:\/\/enteratever.com\/2015\/wp-content\/uploads\/2016\/06\/Poza99_1.jpg\"><img loading=\"lazy\" decoding=\"async\" class=\"aligncenter size-full wp-image-53370\" src=\"http:\/\/enteratever.com\/2015\/wp-content\/uploads\/2016\/06\/Poza99_1.jpg\" alt=\"Poza99_1\" width=\"670\" height=\"391\" \/><\/a><\/p>\n<p>Afirm\u00f3 que su plan de desarrollo municipal es coherente y realista, aunque se dar\u00e1 seguimiento a proyecto que dejo la pasada administraci\u00f3n municipal que estuvo a cargo de Jos\u00e9 Enrique Romero Alarc\u00f3n, que tambi\u00e9n asisti\u00f3 al acto protocolario.<\/p>\n<p>Reiter\u00f3 que su plan de trabajo ser\u00e1 un puente de uni\u00f3n entre las necesidades de la poblaci\u00f3n y las acciones del Ayuntamiento, solicitando a la poblaci\u00f3n el apoyo y colaboraci\u00f3n con los programas municipales.<\/p>\n<p>Sobre desarrollo econ\u00f3mico manifest\u00f3 que se facilitar\u00e1 la instalaci\u00f3n de nuevas empresas y a las ya establecidas se les ofertar\u00e1n alternativas de ahorro para sus actividades econ\u00f3micas y contrataci\u00f3n de mano de obra.<\/p>\n<p>Tambi\u00e9n en este rubro anunci\u00f3 la creaci\u00f3n de peque\u00f1as m\u00e1quinas para realizaci\u00f3n de uniformes escolares y deportivos en donde ser\u00e1n contratadas mujeres de escasos recursos y madres solteras.<\/p>\n<p>Reafirm\u00f3 su compromiso por proyectar a nivel nacional y estatal a los muebleros de Tihuatlan, pues en este sector la productividad es favorable, aunque requiere apoyos e impulso.<\/p>\n<p><a href=\"http:\/\/enteratever.com\/2015\/wp-content\/uploads\/2016\/06\/Poza99_2.jpg\"><img loading=\"lazy\" decoding=\"async\" class=\"aligncenter size-full wp-image-53371\" src=\"http:\/\/enteratever.com\/2015\/wp-content\/uploads\/2016\/06\/Poza99_2.jpg\" alt=\"Poza99_2\" width=\"670\" height=\"400\" \/><\/a><\/p>\n<p>En materia educativa resalt\u00f3 que \u00a0se implementar\u00e1 el programa \u00a0m\u00e1s ambicioso de apoyo a la educaci\u00f3n, otorgando a todos los estudiantes de preescolar y primaria uniformes gratuitos.<\/p>\n<p>En materia de salud inform\u00f3 que se gestionaron recursos para rehabilitar la cl\u00ednica bicentenario en la cabecera municipal que actualmente est\u00e1 obsoleta, desde hace cuatro a\u00f1os, y que pr\u00f3ximamente ser\u00e1 reinaugurada en beneficio de veinte mil habitantes del municipio.<\/p>\n<p>Mencion\u00f3 que se realizar\u00e1 la donaci\u00f3n de una ambulancia al DIF municipal para traslados a hospitales sin costo alguno y apertura de farmacia para medicamentos gratuitos de personas en situaci\u00f3n vulnerable.<\/p>\n<p>Enfatiz\u00f3 que se apoyar\u00e1 al campo de Tihuatlan que es de los sectores menos respaldados, por lo que en su tendr\u00e1 en direcci\u00f3n de fomento agropecuario para adquisici\u00f3n de insumos a bajos precios.<\/p>\n<p>\u201cTodos coincidimos en que tenemos una oportunidad hist\u00f3rica para transformar a Tihuatlan \u00a0con un rumbo firme, mi compromiso es dirigir el esfuerzo colectivo con responsabilidad y cabalmente apegado a la ley, respetare a todas y cada uno de las voces de la sociedad, abierto, transparente, incluyente, que hable con la verdad para lograr transformaci\u00f3n del municipio\u201d, reiter\u00f3.<\/p>\n<p><a href=\"http:\/\/enteratever.com\/2015\/wp-content\/uploads\/2016\/06\/Poza99.jpg\"><img loading=\"lazy\" decoding=\"async\" class=\"aligncenter size-full wp-image-53372\" src=\"http:\/\/enteratever.com\/2015\/wp-content\/uploads\/2016\/06\/Poza99.jpg\" alt=\"Poza99\" width=\"670\" height=\"399\" \/><\/a><\/p>\n<p>A este acto protocolario asistieron Carlos Navarrete,ex presidente del Senado; Rogelio Franco Castan; el dirigente del PRD en el estado, Sergio Rodr\u00edguez y el diputado local, Jes\u00fas Vel\u00e1zquez Flores.<\/p>\n","protected":false},"excerpt":{"rendered":"<p>Visitas: 3 En acto protocolario realizado en el auditorio del Palacio Municipal Gregorio G\u00f3mez Mart\u00ednez rindi\u00f3 protesta como Alcalde para la administraci\u00f3n 2014-2017 comprometi\u00e9ndose a combatir la pobreza extrema en la que viven 14 mil personas, apostando al desarrollo econ\u00f3mico, sector educativo, salud y apoyo al campo como ejes rectores de su gobierno.Luego de rendir [&hellip;]<\/p>\n","protected":false},"author":1,"featured_media":160022,"comment_status":"open","ping_status":"open","sticky":false,"template":"","format":"standard","meta":{"footnotes":""},"categories":[217],"tags":[],"class_list":{"0":"post-160021","1":"post","2":"type-post","3":"status-publish","4":"format-standard","5":"has-post-thumbnail","7":"category-tihuatlan"},"nelio_content":{"isAutoShareEnabled":true,"autoShareEndMode":"never","automationSources":{"useCustomSentences":false,"customSentences":[]},"followers":[],"suggestedReferences":[],"efiUrl":"","efiAlt":"","highlights":[],"permalinkQueryArgs":[],"series":[]},"_links":{"self":[{"href":"https:\/\/www.enteratever.com\/2023\/wp-json\/wp\/v2\/posts\/160021","targetHints":{"allow":["GET"]}}],"collection":[{"href":"https:\/\/www.enteratever.com\/2023\/wp-json\/wp\/v2\/posts"}],"about":[{"href":"https:\/\/www.enteratever.com\/2023\/wp-json\/wp\/v2\/types\/post"}],"author":[{"embeddable":true,"href":"https:\/\/www.enteratever.com\/2023\/wp-json\/wp\/v2\/users\/1"}],"replies":[{"embeddable":true,"href":"https:\/\/www.enteratever.com\/2023\/wp-json\/wp\/v2\/comments?post=160021"}],"version-history":[{"count":0,"href":"https:\/\/www.enteratever.com\/2023\/wp-json\/wp\/v2\/posts\/160021\/revisions"}],"wp:featuredmedia":[{"embeddable":true,"href":"https:\/\/www.enteratever.com\/2023\/wp-json\/wp\/v2\/media\/160022"}],"wp:attachment":[{"href":"https:\/\/www.enteratever.com\/2023\/wp-json\/wp\/v2\/media?parent=160021"}],"wp:term":[{"taxonomy":"category","embeddable":true,"href":"https:\/\/www.enteratever.com\/2023\/wp-json\/wp\/v2\/categories?post=160021"},{"taxonomy":"post_tag","embeddable":true,"href":"https:\/\/www.enteratever.com\/2023\/wp-json\/wp\/v2\/tags?post=160021"}],"curies":[{"name":"wp","href":"https:\/\/api.w.org\/{rel}","templated":true}]}}