{"id":160015,"date":"2016-04-19T16:32:38","date_gmt":"2016-04-19T16:32:38","guid":{"rendered":"https:\/\/www.enteratever.com\/2023\/inician-semana-nacional-de-salud-bucal-en-tihuatlan\/"},"modified":"2016-04-19T16:32:38","modified_gmt":"2016-04-19T16:32:38","slug":"inician-semana-nacional-de-salud-bucal-en-tihuatlan","status":"publish","type":"post","link":"https:\/\/www.enteratever.com\/2023\/2016\/04\/19\/inician-semana-nacional-de-salud-bucal-en-tihuatlan\/","title":{"rendered":"Inician Semana Nacional de Salud Bucal en Tihuatlan"},"content":{"rendered":"<p>Visitas: 7<\/p><figure id=\"attachment_44243\" aria-describedby=\"caption-attachment-44243\" style=\"width: 960px\" class=\"wp-caption aligncenter\"><a href=\"http:\/\/enteratever.com\/2015\/wp-content\/uploads\/2016\/04\/12993505_10153343926302303_4486675707558787199_n.jpg\"><img loading=\"lazy\" decoding=\"async\" class=\"wp-image-44243 size-full\" src=\"http:\/\/enteratever.com\/2015\/wp-content\/uploads\/2016\/04\/12993505_10153343926302303_4486675707558787199_n.jpg\" alt=\"12993505_10153343926302303_4486675707558787199_n\" width=\"960\" height=\"540\" \/><\/a><figcaption id=\"caption-attachment-44243\" class=\"wp-caption-text\">Desfile del Departamento Dental del Centro de Salud de Tihuatlan<\/figcaption><\/figure>\n<figure id=\"attachment_44253\" aria-describedby=\"caption-attachment-44253\" style=\"width: 960px\" class=\"wp-caption aligncenter\"><a href=\"http:\/\/enteratever.com\/2015\/wp-content\/uploads\/2016\/04\/13006643_10153343926717303_5450397753460260772_n.jpg\"><img loading=\"lazy\" decoding=\"async\" class=\"wp-image-44253 size-full\" src=\"http:\/\/enteratever.com\/2015\/wp-content\/uploads\/2016\/04\/13006643_10153343926717303_5450397753460260772_n.jpg\" alt=\"13006643_10153343926717303_5450397753460260772_n\" width=\"960\" height=\"540\" \/><\/a><figcaption id=\"caption-attachment-44253\" class=\"wp-caption-text\">Ceremonia de inauguraci\u00f3n.<\/figcaption><\/figure>\n<p><a href=\"http:\/\/enteratever.com\/2015\/wp-content\/uploads\/2016\/04\/13007180_10153343926482303_5638641345971686231_n.jpg\"><img loading=\"lazy\" decoding=\"async\" class=\"size-full wp-image-44245 aligncenter\" src=\"http:\/\/enteratever.com\/2015\/wp-content\/uploads\/2016\/04\/13007180_10153343926482303_5638641345971686231_n.jpg\" alt=\"13007180_10153343926482303_5638641345971686231_n\" width=\"960\" height=\"540\" \/><\/a><\/p>\n<p>Inicio\u00a0la Primera Semana Nacional de Salud Bucal, en la que se intensificar\u00e1n las actividades de prevenci\u00f3n, promoci\u00f3n y curaci\u00f3n para evitar da\u00f1o en la cavidad oral; adem\u00e1s de promoverse la participaci\u00f3n de los sectores p\u00fablico, social y privado para crear conciencia en la poblaci\u00f3n de los beneficios que conlleva conservar la salud bucal y lograr cambio de h\u00e1bitos.<\/p>\n<p>La jornada de salud bucal que se estar\u00e1 realizando del d\u00eda 18 al viernes 23 de abril, que contempla la aplicaci\u00f3n de dosis de fl\u00faor, de la pastilla reveladora, pl\u00e1ticas sobre t\u00e9cnicas de cepillado y uso de hilo dental, as\u00ed como el reparto de cepillos y pastas dentales en instituciones de educaci\u00f3n b\u00e1sica.<\/p>\n","protected":false},"excerpt":{"rendered":"<p>Visitas: 7 Inicio\u00a0la Primera Semana Nacional de Salud Bucal, en la que se intensificar\u00e1n las actividades de prevenci\u00f3n, promoci\u00f3n y curaci\u00f3n para evitar da\u00f1o en la cavidad oral; adem\u00e1s de promoverse la participaci\u00f3n de los sectores p\u00fablico, social y privado para crear conciencia en la poblaci\u00f3n de los beneficios que conlleva conservar la salud bucal [&hellip;]<\/p>\n","protected":false},"author":1,"featured_media":160016,"comment_status":"open","ping_status":"open","sticky":false,"template":"","format":"standard","meta":{"footnotes":""},"categories":[217],"tags":[],"class_list":{"0":"post-160015","1":"post","2":"type-post","3":"status-publish","4":"format-standard","5":"has-post-thumbnail","7":"category-tihuatlan"},"nelio_content":{"isAutoShareEnabled":true,"autoShareEndMode":"never","automationSources":{"useCustomSentences":false,"customSentences":[]},"followers":[],"suggestedReferences":[],"efiUrl":"","efiAlt":"","highlights":[],"permalinkQueryArgs":[],"series":[]},"_links":{"self":[{"href":"https:\/\/www.enteratever.com\/2023\/wp-json\/wp\/v2\/posts\/160015","targetHints":{"allow":["GET"]}}],"collection":[{"href":"https:\/\/www.enteratever.com\/2023\/wp-json\/wp\/v2\/posts"}],"about":[{"href":"https:\/\/www.enteratever.com\/2023\/wp-json\/wp\/v2\/types\/post"}],"author":[{"embeddable":true,"href":"https:\/\/www.enteratever.com\/2023\/wp-json\/wp\/v2\/users\/1"}],"replies":[{"embeddable":true,"href":"https:\/\/www.enteratever.com\/2023\/wp-json\/wp\/v2\/comments?post=160015"}],"version-history":[{"count":0,"href":"https:\/\/www.enteratever.com\/2023\/wp-json\/wp\/v2\/posts\/160015\/revisions"}],"wp:featuredmedia":[{"embeddable":true,"href":"https:\/\/www.enteratever.com\/2023\/wp-json\/wp\/v2\/media\/160016"}],"wp:attachment":[{"href":"https:\/\/www.enteratever.com\/2023\/wp-json\/wp\/v2\/media?parent=160015"}],"wp:term":[{"taxonomy":"category","embeddable":true,"href":"https:\/\/www.enteratever.com\/2023\/wp-json\/wp\/v2\/categories?post=160015"},{"taxonomy":"post_tag","embeddable":true,"href":"https:\/\/www.enteratever.com\/2023\/wp-json\/wp\/v2\/tags?post=160015"}],"curies":[{"name":"wp","href":"https:\/\/api.w.org\/{rel}","templated":true}]}}