{"id":159496,"date":"2014-01-07T17:56:48","date_gmt":"2014-01-07T17:56:48","guid":{"rendered":"https:\/\/www.enteratever.com\/2023\/cerrada-la-casa-de-cultura-porque-perdieron-las-llaves\/"},"modified":"2023-01-27T20:00:06","modified_gmt":"2023-01-27T20:00:06","slug":"cerrada-la-casa-de-cultura-porque-perdieron-las-llaves","status":"publish","type":"post","link":"https:\/\/www.enteratever.com\/2023\/2014\/01\/07\/cerrada-la-casa-de-cultura-porque-perdieron-las-llaves\/","title":{"rendered":"Cerrada la Casa de cultura porque perdieron las llaves"},"content":{"rendered":"<p>Visitas: 0<\/p><p style=\"text-align: justify\"><a href=\"http:\/\/www.enteratever.com\/wp-content\/uploads\/2014\/01\/PozaRik22.jpg\"><img loading=\"lazy\" decoding=\"async\" class=\"aligncenter size-full wp-image-18139\" alt=\"PozaRik22\" src=\"http:\/\/www.enteratever.com\/2014\/2014\/wp-content\/uploads\/2014\/01\/PozaRik22.jpg\" width=\"670\" height=\"400\" \/><\/a><\/p>\n<p style=\"text-align: justify\">Cerrada permanece la Casa de Cultura de Poza Rica desde el 28 de diciembre debido a que, tras el proceso de entrega \u2013 recepci\u00f3n  se extraviaron las llaves y no han podido regresarlas a la administraci\u00f3n del establecimiento.<!--more--><\/p>\n<p style=\"text-align: justify\">Este lunes talleristas e integrantes de los grupos art\u00edsticos de la Casa de Cultura arribaron al lugar para reintegrarse a sus actividades despu\u00e9s de suspenderlas por el cambio de administraci\u00f3n pero se encontraron con la sorpresa de que las instalaciones permanecen selladas.<\/p>\n<p style=\"text-align: justify\">Por la ma\u00f1ana, el director de la Casa de Cultura, Jes\u00fas Mart\u00ednez Badillo acudi\u00f3 al palacio municipal para recibir las instalaciones formalmente, sin embargo no le fueron entregadas las llaves. Trascendi\u00f3 que la raz\u00f3n que le dieron fue que se encontraban extraviadas.<\/p>\n<p style=\"text-align: justify\">De esta manera el lunes, primer d\u00eda de actividades para grupos como Ensamble Grupo Teatral o Estudio Art\u00edstico Integral se frustr\u00f3 debido a que la puertas de la administraci\u00f3n, la cafeter\u00eda, los talleres y la sala Pablo O\u00b4Higgins, aun lucen los sellos colocados por personal del comit\u00e9 de entrega-recepci\u00f3n de la actual administraci\u00f3n municipal quienes recibieron, en esa fecha, las llaves de las instalaciones, pero hasta ahora nadie sabe qui\u00e9n las tiene.<\/p>\n<p style=\"text-align: justify\"><a href=\"http:\/\/www.enteratever.com\/wp-content\/uploads\/2014\/01\/PozaRik22_1.jpg\"><img loading=\"lazy\" decoding=\"async\" class=\"aligncenter size-full wp-image-18140\" alt=\"PozaRik22_1\" src=\"http:\/\/www.enteratever.com\/2014\/2014\/wp-content\/uploads\/2014\/01\/PozaRik22_1.jpg\" width=\"670\" height=\"331\" \/><\/a><\/p>\n<p style=\"text-align: justify\">Las cosas se complican debido a que al crearse secretar\u00edas en el ayuntamiento se requieren m\u00e1s oficinas en el palacio municipal, debido a ello se ha planteado trasladar a la Casa de Cultura todas las direcciones relacionadas con el rubro. As\u00ed estar\u00eda en ese lugar la direcci\u00f3n de recreaci\u00f3n, as\u00ed que mientras no se abran las oficinas   culturales tambi\u00e9n se afecta  a otros funcionarios municipales adem\u00e1s del director y el personal de Casa de Cultura.<\/p>\n","protected":false},"excerpt":{"rendered":"<p>Visitas: 0 Cerrada permanece la Casa de Cultura de Poza Rica desde el 28 de diciembre debido a que, tras el proceso de entrega \u2013 recepci\u00f3n se extraviaron las llaves y no han podido regresarlas a la administraci\u00f3n del establecimiento.<\/p>\n","protected":false},"author":1,"featured_media":159497,"comment_status":"open","ping_status":"open","sticky":false,"template":"","format":"standard","meta":{"footnotes":""},"categories":[213],"tags":[],"class_list":{"0":"post-159496","1":"post","2":"type-post","3":"status-publish","4":"format-standard","5":"has-post-thumbnail","7":"category-poza-rica"},"nelio_content":{"isAutoShareEnabled":true,"autoShareEndMode":"never","automationSources":{"useCustomSentences":false,"customSentences":[]},"followers":[],"suggestedReferences":[],"efiUrl":"","efiAlt":"","highlights":[],"permalinkQueryArgs":[],"series":[]},"_links":{"self":[{"href":"https:\/\/www.enteratever.com\/2023\/wp-json\/wp\/v2\/posts\/159496","targetHints":{"allow":["GET"]}}],"collection":[{"href":"https:\/\/www.enteratever.com\/2023\/wp-json\/wp\/v2\/posts"}],"about":[{"href":"https:\/\/www.enteratever.com\/2023\/wp-json\/wp\/v2\/types\/post"}],"author":[{"embeddable":true,"href":"https:\/\/www.enteratever.com\/2023\/wp-json\/wp\/v2\/users\/1"}],"replies":[{"embeddable":true,"href":"https:\/\/www.enteratever.com\/2023\/wp-json\/wp\/v2\/comments?post=159496"}],"version-history":[{"count":1,"href":"https:\/\/www.enteratever.com\/2023\/wp-json\/wp\/v2\/posts\/159496\/revisions"}],"predecessor-version":[{"id":163134,"href":"https:\/\/www.enteratever.com\/2023\/wp-json\/wp\/v2\/posts\/159496\/revisions\/163134"}],"wp:featuredmedia":[{"embeddable":true,"href":"https:\/\/www.enteratever.com\/2023\/wp-json\/wp\/v2\/media\/159497"}],"wp:attachment":[{"href":"https:\/\/www.enteratever.com\/2023\/wp-json\/wp\/v2\/media?parent=159496"}],"wp:term":[{"taxonomy":"category","embeddable":true,"href":"https:\/\/www.enteratever.com\/2023\/wp-json\/wp\/v2\/categories?post=159496"},{"taxonomy":"post_tag","embeddable":true,"href":"https:\/\/www.enteratever.com\/2023\/wp-json\/wp\/v2\/tags?post=159496"}],"curies":[{"name":"wp","href":"https:\/\/api.w.org\/{rel}","templated":true}]}}