{"id":159474,"date":"2014-01-05T16:54:12","date_gmt":"2014-01-05T16:54:12","guid":{"rendered":"https:\/\/www.enteratever.com\/2023\/celebra-el-dif-a-ninos-en-colonias-populares-de-poza-rica\/"},"modified":"2023-01-27T20:00:06","modified_gmt":"2023-01-27T20:00:06","slug":"celebra-el-dif-a-ninos-en-colonias-populares-de-poza-rica","status":"publish","type":"post","link":"https:\/\/www.enteratever.com\/2023\/2014\/01\/05\/celebra-el-dif-a-ninos-en-colonias-populares-de-poza-rica\/","title":{"rendered":"Celebra el DIF a ni\u00f1os en colonias populares de Poza Rica"},"content":{"rendered":"<p>Visitas: 0<\/p><p style=\"text-align: justify\"><a href=\"http:\/\/www.enteratever.com\/2014\/2014\/wp-content\/uploads\/2014\/01\/IMG_5297-FILEminimizer.jpg\"><img loading=\"lazy\" decoding=\"async\" class=\"aligncenter size-full wp-image-17769\" alt=\"IMG_5297 (FILEminimizer)\" src=\"http:\/\/www.enteratever.com\/2014\/2014\/wp-content\/uploads\/2014\/01\/IMG_5297-FILEminimizer.jpg\" width=\"670\" height=\"367\" \/><\/a>En un marco de alegr\u00eda, colorido y felicidad, ni\u00f1os de las colonias populares pertenecientes a la Parcela 47, celebraron el D\u00eda de Reyes, en un evento organizado por el Sistema Municipal para el Desarrollo Integral de la Familia DIF, que encabeza la maestra Araceli S\u00e1nchez de Quiroz.<!--more--><\/p>\n<p style=\"text-align: justify\">Acompa\u00f1ada de su esposo el presidente municipal Sergio Lorenzo Quiroz Cruz, la se\u00f1ora Araceli S\u00e1nchez salud\u00f3 de manera personal a los ni\u00f1os que hicieron acto de presencia a quienes felicit\u00f3 por la celebraci\u00f3n.<\/p>\n<p style=\"text-align: justify\">Dulces, refrescos, animaci\u00f3n, pastel, rosca de reyes y sobre todo regalos, hicieron la delicia de los menores quienes reflejaban en su rosto la alegr\u00eda por ser part\u00edcipes de una celebraci\u00f3n tan especial como lo es el D\u00eda de Reyes.<\/p>\n<p style=\"text-align: justify\">\u00abQueremos que todos los ni\u00f1os tengan su regalito, dulces y rosca de reyes, porque para el DIF los reyes de la ciudad son los ni\u00f1os\u00bb, expres\u00f3 la se\u00f1ora Araceli S\u00e1nchez de Quiroz, y al mismo tiempo agreg\u00f3 que ser\u00e1 inter\u00e9s del DIF que todos los ni\u00f1os siempre est\u00e9n contentos y no solo durante dicha festividad.<\/p>\n<p style=\"text-align: justify\">Agradeci\u00f3 a los padres de familia el acudir y llevar a sus hijos al primer evento que el DIF municipal organiza en la presente administraci\u00f3n y reitero su compromiso con la ni\u00f1ez pozarricense de trabajar para buscar los mecanismos que permitan ofrecer mejores condiciones de vida para los que menos tienen; los grupos vulnerables.<\/p>\n<p style=\"text-align: justify\">Las madres de familia de la Parcela 47 dieron una calidad bienvenida a la presidenta del DIF, Araceli S\u00e1nchez y al alcalde Sergio Lorenzo Quiroz Cruz, a quienes agradecieron la distinci\u00f3n de llevar alegr\u00eda y regalos a quienes m\u00e1s lo necesitan, en este caso a los ni\u00f1os de escasos recursos en las colonias populares.<\/p>\n<p style=\"text-align: justify\">\u00abMuchas gracias por todo los que nos han tra\u00eddo para los ni\u00f1os de las colonias de la Parcela 47\u00bb, expresaron los padres de familia al dar las gracias a las autoridades del DIF y del gobierno municipal.<\/p>\n<p style=\"text-align: justify\">Desde muy temprano los ni\u00f1os de las colonias populares disfrutaron de un evento animado, para posteriormente recibir dulces y desde luego la tradicional rosca de reyes acompa\u00f1ada de un obsequio.<\/p>\n<p style=\"text-align: justify\">Con la misma alegr\u00eda y entusiasmo se desarrollo la celebraci\u00f3n de D\u00eda de Reyes en el Centro de Bienestar en la colonia los Sauces y en el Parque Fundadores de la colonia Manuel \u00c1vila Camacho, donde miles de ni\u00f1os gozaron alegremente y recibieron regalos.<\/p>\n","protected":false},"excerpt":{"rendered":"<p>Visitas: 0En un marco de alegr\u00eda, colorido y felicidad, ni\u00f1os de las colonias populares pertenecientes a la Parcela 47, celebraron el D\u00eda de Reyes, en un evento organizado por el Sistema Municipal para el Desarrollo Integral de la Familia DIF, que encabeza la maestra Araceli S\u00e1nchez de Quiroz.<\/p>\n","protected":false},"author":1,"featured_media":159475,"comment_status":"open","ping_status":"open","sticky":false,"template":"","format":"standard","meta":{"footnotes":""},"categories":[213],"tags":[],"class_list":{"0":"post-159474","1":"post","2":"type-post","3":"status-publish","4":"format-standard","5":"has-post-thumbnail","7":"category-poza-rica"},"nelio_content":{"isAutoShareEnabled":true,"autoShareEndMode":"never","automationSources":{"useCustomSentences":false,"customSentences":[]},"followers":[],"suggestedReferences":[],"efiUrl":"","efiAlt":"","highlights":[],"permalinkQueryArgs":[],"series":[]},"_links":{"self":[{"href":"https:\/\/www.enteratever.com\/2023\/wp-json\/wp\/v2\/posts\/159474","targetHints":{"allow":["GET"]}}],"collection":[{"href":"https:\/\/www.enteratever.com\/2023\/wp-json\/wp\/v2\/posts"}],"about":[{"href":"https:\/\/www.enteratever.com\/2023\/wp-json\/wp\/v2\/types\/post"}],"author":[{"embeddable":true,"href":"https:\/\/www.enteratever.com\/2023\/wp-json\/wp\/v2\/users\/1"}],"replies":[{"embeddable":true,"href":"https:\/\/www.enteratever.com\/2023\/wp-json\/wp\/v2\/comments?post=159474"}],"version-history":[{"count":1,"href":"https:\/\/www.enteratever.com\/2023\/wp-json\/wp\/v2\/posts\/159474\/revisions"}],"predecessor-version":[{"id":163145,"href":"https:\/\/www.enteratever.com\/2023\/wp-json\/wp\/v2\/posts\/159474\/revisions\/163145"}],"wp:featuredmedia":[{"embeddable":true,"href":"https:\/\/www.enteratever.com\/2023\/wp-json\/wp\/v2\/media\/159475"}],"wp:attachment":[{"href":"https:\/\/www.enteratever.com\/2023\/wp-json\/wp\/v2\/media?parent=159474"}],"wp:term":[{"taxonomy":"category","embeddable":true,"href":"https:\/\/www.enteratever.com\/2023\/wp-json\/wp\/v2\/categories?post=159474"},{"taxonomy":"post_tag","embeddable":true,"href":"https:\/\/www.enteratever.com\/2023\/wp-json\/wp\/v2\/tags?post=159474"}],"curies":[{"name":"wp","href":"https:\/\/api.w.org\/{rel}","templated":true}]}}