{"id":159464,"date":"2014-01-04T19:30:32","date_gmt":"2014-01-04T19:30:32","guid":{"rendered":"https:\/\/www.enteratever.com\/2023\/reactivaran-instituto-municipal-de-la-mujer-en-poza-rica\/"},"modified":"2023-01-27T20:00:07","modified_gmt":"2023-01-27T20:00:07","slug":"reactivaran-instituto-municipal-de-la-mujer-en-poza-rica","status":"publish","type":"post","link":"https:\/\/www.enteratever.com\/2023\/2014\/01\/04\/reactivaran-instituto-municipal-de-la-mujer-en-poza-rica\/","title":{"rendered":"Reactivar\u00e1n Instituto Municipal de la Mujer en Poza Rica"},"content":{"rendered":"<p>Visitas: 9<\/p><p style=\"text-align: justify\"><a href=\"http:\/\/www.enteratever.com\/2014\/2014\/wp-content\/uploads\/2014\/01\/PozaRik3.jpg\"><img loading=\"lazy\" decoding=\"async\" class=\"aligncenter size-full wp-image-17429\" alt=\"PozaRik3\" src=\"http:\/\/www.enteratever.com\/2014\/2014\/wp-content\/uploads\/2014\/01\/PozaRik3.jpg\" width=\"670\" height=\"389\" \/><\/a><\/p>\n<p style=\"text-align: justify\">Considerando que es una necesidad urgente de atender la regidora comisionada en equidad y g\u00e9nero, Sandra Irasema P\u00e9rez Herrera anunci\u00f3 que el Instituto Municipal de la Mujer ser\u00e1 reactivado lo antes posible, incluso ya se cuenta con perfiles en an\u00e1lisis para determinar qui\u00e9n ser\u00e1 la nueva directora.<!--more--><\/p>\n<p>Se\u00f1al\u00f3 que es necesario que el organismo est\u00e9 nuevamente en funcionamiento para poder atender a las solicitudes de apoyo que las mujeres de la ciudad requieren, desde la orientaci\u00f3n hasta la atenci\u00f3n psicol\u00f3gica que requieren quienes son v\u00edctimas de violencia.<\/p>\n<p>Mencion\u00f3 que urge activar el organismo pues la violencia hac\u00edas las mujeres sigue presente, prueba de esto es el caso de feminicidio que se registr\u00f3 la noche del 24 de diciembre cuando un hombre que termin\u00f3 suicidandose asesin\u00f3 a su ex mujer y a una peque\u00f1a de dos a\u00f1os.<\/p>\n<p>Este suceso provoc\u00f3 conmoci\u00f3n entre las familias pozarricenses, ensombreci\u00f3 el festejo de Navidad, pero sobre todo dejo de manifiesto que no se ha erradicado la violencia hacia las mujeres, pese a campa\u00f1as de conscientizaci\u00f3n se sigue presentado.<\/p>\n<p>P\u00e9rez Herrera destac\u00f3 que se analiza adecuadamente cada uno de los perfiles de qui\u00e9n podr\u00eda asumir la direcci\u00f3n del Instituto Municipal de la Mujer que en la pasada administraci\u00f3n fue creado pero se dejo en el abandono en los \u00faltimos seis meses de gobierno, debido a falta de recursos.<\/p>\n<p>La funcionaria municipal mencion\u00f3 que se buscar\u00e1 que haya un presupuesto asignado y permanente para el instituto que contar\u00e1 con las \u00e1reas y personal suficiente para atender a las mujeres que est\u00e9n en alguna situaci\u00f3n vulnerable.<\/p>\n","protected":false},"excerpt":{"rendered":"<p>Visitas: 9 Considerando que es una necesidad urgente de atender la regidora comisionada en equidad y g\u00e9nero, Sandra Irasema P\u00e9rez Herrera anunci\u00f3 que el Instituto Municipal de la Mujer ser\u00e1 reactivado lo antes posible, incluso ya se cuenta con perfiles en an\u00e1lisis para determinar qui\u00e9n ser\u00e1 la nueva directora.<\/p>\n","protected":false},"author":1,"featured_media":159465,"comment_status":"open","ping_status":"open","sticky":false,"template":"","format":"standard","meta":{"footnotes":""},"categories":[213],"tags":[],"class_list":{"0":"post-159464","1":"post","2":"type-post","3":"status-publish","4":"format-standard","5":"has-post-thumbnail","7":"category-poza-rica"},"nelio_content":{"isAutoShareEnabled":true,"autoShareEndMode":"never","automationSources":{"useCustomSentences":false,"customSentences":[]},"followers":[],"suggestedReferences":[],"efiUrl":"","efiAlt":"","highlights":[],"permalinkQueryArgs":[],"series":[]},"_links":{"self":[{"href":"https:\/\/www.enteratever.com\/2023\/wp-json\/wp\/v2\/posts\/159464","targetHints":{"allow":["GET"]}}],"collection":[{"href":"https:\/\/www.enteratever.com\/2023\/wp-json\/wp\/v2\/posts"}],"about":[{"href":"https:\/\/www.enteratever.com\/2023\/wp-json\/wp\/v2\/types\/post"}],"author":[{"embeddable":true,"href":"https:\/\/www.enteratever.com\/2023\/wp-json\/wp\/v2\/users\/1"}],"replies":[{"embeddable":true,"href":"https:\/\/www.enteratever.com\/2023\/wp-json\/wp\/v2\/comments?post=159464"}],"version-history":[{"count":1,"href":"https:\/\/www.enteratever.com\/2023\/wp-json\/wp\/v2\/posts\/159464\/revisions"}],"predecessor-version":[{"id":163149,"href":"https:\/\/www.enteratever.com\/2023\/wp-json\/wp\/v2\/posts\/159464\/revisions\/163149"}],"wp:featuredmedia":[{"embeddable":true,"href":"https:\/\/www.enteratever.com\/2023\/wp-json\/wp\/v2\/media\/159465"}],"wp:attachment":[{"href":"https:\/\/www.enteratever.com\/2023\/wp-json\/wp\/v2\/media?parent=159464"}],"wp:term":[{"taxonomy":"category","embeddable":true,"href":"https:\/\/www.enteratever.com\/2023\/wp-json\/wp\/v2\/categories?post=159464"},{"taxonomy":"post_tag","embeddable":true,"href":"https:\/\/www.enteratever.com\/2023\/wp-json\/wp\/v2\/tags?post=159464"}],"curies":[{"name":"wp","href":"https:\/\/api.w.org\/{rel}","templated":true}]}}