{"id":159462,"date":"2014-01-03T19:26:18","date_gmt":"2014-01-03T19:26:18","guid":{"rendered":"https:\/\/www.enteratever.com\/2023\/ampliaran-oferta-artistica-y-cultural-de-poza-rica\/"},"modified":"2023-01-27T20:00:07","modified_gmt":"2023-01-27T20:00:07","slug":"ampliaran-oferta-artistica-y-cultural-de-poza-rica","status":"publish","type":"post","link":"https:\/\/www.enteratever.com\/2023\/2014\/01\/03\/ampliaran-oferta-artistica-y-cultural-de-poza-rica\/","title":{"rendered":"Ampliar\u00e1n oferta art\u00edstica y cultural de Poza Rica"},"content":{"rendered":"<p>Visitas: 0<\/p><p><a href=\"http:\/\/www.enteratever.com\/2014\/2014\/wp-content\/uploads\/2014\/01\/PozaRik4.jpg\"><img loading=\"lazy\" decoding=\"async\" class=\"size-full wp-image-17445 aligncenter\" alt=\"PozaRik4\" src=\"http:\/\/www.enteratever.com\/2014\/2014\/wp-content\/uploads\/2014\/01\/PozaRik4.jpg\" width=\"670\" height=\"400\" \/><\/a><\/p>\n<p style=\"text-align: justify\">Ampliar la oferta cultural para acabar con los reclamos de que en Poza Rica no hay eventos a los que la gente pueda acudir a disfrutar del arte, es uno de los objetivos de la direcci\u00f3n de recreaci\u00f3n del ayuntamiento.<!--more--><\/p>\n<p style=\"text-align: justify\">Para alcanzar dicha, meta el titular de esa dependencia, Refugio Hern\u00e1ndez Ledezma ha preparado tres programas: los martes de cineclub, los viernes de teatro y los jueves de c\u00edrculo literario art\u00edstico y cultural.<\/p>\n<p style=\"text-align: justify\">El funcionario municipal reconoci\u00f3 que a\u00fan no tiene asignado un espacio para realizar estos eventos pero adelant\u00f3 que los martes de cineclub van a realizarse bajo el esquema de ciclos por pa\u00edses y continentes. Iniciar\u00e1 con un ciclo de \u00c1frica.<\/p>\n<p style=\"text-align: justify\">En el caso de los viernes de teatro el programa es muy ambicioso ya que se invitar\u00e1 a los grupos de teatro de la ciudad a fin de que cada uno ellos inicien una temporada dando funciones durante un mes. As\u00ed, en febrero inicia un primer grupo, para marzo un segundo, para abril un tercero y para mayo el siguiente, empezando en junio, su segunda temporada, el grupo que actu\u00f3 primero.<\/p>\n<p style=\"text-align: justify\">Para el proyecto de los jueves de C\u00edrculo literario, art\u00edstico y cultural, se planea rendir homenajes a artistas con trayectoria no s\u00f3lo de la ciudad, sino de toda la regi\u00f3n y atender todas las expresiones art\u00edsticas diferentes al cine y el teatro.<\/p>\n","protected":false},"excerpt":{"rendered":"<p>Visitas: 0 Ampliar la oferta cultural para acabar con los reclamos de que en Poza Rica no hay eventos a los que la gente pueda acudir a disfrutar del arte, es uno de los objetivos de la direcci\u00f3n de recreaci\u00f3n del ayuntamiento.<\/p>\n","protected":false},"author":1,"featured_media":159463,"comment_status":"open","ping_status":"open","sticky":false,"template":"","format":"standard","meta":{"footnotes":""},"categories":[213],"tags":[],"class_list":{"0":"post-159462","1":"post","2":"type-post","3":"status-publish","4":"format-standard","5":"has-post-thumbnail","7":"category-poza-rica"},"nelio_content":{"isAutoShareEnabled":true,"autoShareEndMode":"never","automationSources":{"useCustomSentences":false,"customSentences":[]},"followers":[],"suggestedReferences":[],"efiUrl":"","efiAlt":"","highlights":[],"permalinkQueryArgs":[],"series":[]},"_links":{"self":[{"href":"https:\/\/www.enteratever.com\/2023\/wp-json\/wp\/v2\/posts\/159462","targetHints":{"allow":["GET"]}}],"collection":[{"href":"https:\/\/www.enteratever.com\/2023\/wp-json\/wp\/v2\/posts"}],"about":[{"href":"https:\/\/www.enteratever.com\/2023\/wp-json\/wp\/v2\/types\/post"}],"author":[{"embeddable":true,"href":"https:\/\/www.enteratever.com\/2023\/wp-json\/wp\/v2\/users\/1"}],"replies":[{"embeddable":true,"href":"https:\/\/www.enteratever.com\/2023\/wp-json\/wp\/v2\/comments?post=159462"}],"version-history":[{"count":1,"href":"https:\/\/www.enteratever.com\/2023\/wp-json\/wp\/v2\/posts\/159462\/revisions"}],"predecessor-version":[{"id":163151,"href":"https:\/\/www.enteratever.com\/2023\/wp-json\/wp\/v2\/posts\/159462\/revisions\/163151"}],"wp:featuredmedia":[{"embeddable":true,"href":"https:\/\/www.enteratever.com\/2023\/wp-json\/wp\/v2\/media\/159463"}],"wp:attachment":[{"href":"https:\/\/www.enteratever.com\/2023\/wp-json\/wp\/v2\/media?parent=159462"}],"wp:term":[{"taxonomy":"category","embeddable":true,"href":"https:\/\/www.enteratever.com\/2023\/wp-json\/wp\/v2\/categories?post=159462"},{"taxonomy":"post_tag","embeddable":true,"href":"https:\/\/www.enteratever.com\/2023\/wp-json\/wp\/v2\/tags?post=159462"}],"curies":[{"name":"wp","href":"https:\/\/api.w.org\/{rel}","templated":true}]}}