{"id":157474,"date":"2017-02-17T23:42:35","date_gmt":"2017-02-17T23:42:35","guid":{"rendered":"https:\/\/www.enteratever.com\/2023\/muchos-buscan-la-alcaldia-por-morena-en-poza-rica\/"},"modified":"2023-01-27T19:58:03","modified_gmt":"2023-01-27T19:58:03","slug":"muchos-buscan-la-alcaldia-por-morena-en-poza-rica","status":"publish","type":"post","link":"https:\/\/www.enteratever.com\/2023\/2017\/02\/17\/muchos-buscan-la-alcaldia-por-morena-en-poza-rica\/","title":{"rendered":"Muchos buscan la alcald\u00eda por Morena en Poza Rica"},"content":{"rendered":"<p>Visitas: 0<\/p>\n<p style=\"text-align: justify;\">Da inicio en el Partido Movimiento de Regeneraci\u00f3n Nacional (Morena) la selecci\u00f3n de candidato a la alcald\u00eda de Poza Rica, Francisco Javier Vel\u00e1zquez Vallejo, delegado municipal de este organismos en Poza Rica se\u00f1al\u00f3 que la convocatoria para participar en los pr\u00f3ximos comicios como aspirante es abierta y pueden participar todas las personas que est\u00e9n interesadas.<\/p>\n<p style=\"text-align: justify;\">Aunque no precis\u00f3 la cifra de los aspirantes que se han registrado hasta el momento se\u00f1al\u00f3 que son muchos los interesados en participar en la elecci\u00f3n del pr\u00f3ximo 4 de junio, enfatiz\u00f3 que morena es un organismo abierto a todos los ciudadanos sin importar si anteriormente eran militantes de otro partido.<\/p>\n<p style=\"text-align: justify;\">Inform\u00f3 que este viernes se cerraron los registros de precandidatos, por lo que la pr\u00f3xima semana se tendr\u00e1 la cifra final de los inscritos en Morena, pero ser\u00e1 en la segunda quincena del mes de marzo cuando Morena, decida qui\u00e9n ser\u00e1 el candidato oficial para contender por la alcald\u00eda en este municipio.<\/p>\n<p style=\"text-align: justify;\">\u00abHay mucho inter\u00e9s por participar por Morena, en estos momentos el partido tienen una muy buena reputaci\u00f3n en Poza Rica y en todo el pa\u00eds, hay quienes antes no eran morenos pero ahora ya se convirtieron en morenos\u00bb agreg\u00f3.<\/p>\n<p style=\"text-align: justify;\">Dio a conocer que se registr\u00f3 como aspirante a la candidatura por Morena la alcald\u00eda de Poza Rica, \u00abCon el \u00fanico prop\u00f3sito de servir a los ciudadanos\u00bb, dijo que no cuenta con ning\u00fan tipo de experiencia en la funci\u00f3n p\u00fablica, pero si en administraci\u00f3n porque trabaj\u00f3 en \u00e1reas administrativas de Pemex, por lo que afirm\u00f3 est\u00e1 listo para manejar presupuestos, especialidades y las diversas \u00e1reas del Ayuntamiento.<\/p>\n<p style=\"text-align: justify;\">El proceso que se seguir\u00e1 para elegir al candidato es en base a distintos filtros que aplicar\u00e1 la Comisi\u00f3n Nacional de Elecciones, para determinar qui\u00e9n si cumple con todos los requisitos de Morena, adem\u00e1s se realizar\u00e1 una consulta interna, dijo.<\/p>\n<p style=\"text-align: justify;\">Sin importar quien resulte electo como candidato, aun cuando este no sea fundador o recientemente se haya afiliado al partido, dijo ser\u00e1 apoyado por los militantes, en Poza Rica suman alrededor de 2 mil.<\/p>\n<p style=\"text-align: justify;\">El partido es austero y no recibe un presupuesto amplio por arte del INE para hacer campa\u00f1a pol\u00edtica, por ello no regalan gorras, ni ning\u00fan tipo de articulo como el resto de los \u00f3rganos pol\u00edticos, \u00abNuestra campa\u00f1a ser\u00e1 austera, institucional, proyectar a Morena m\u00e1s que a la persona, por lo que el dinero que no se gaste en la campa\u00f1a se gastar\u00e1 en el partido\u00bb puntualiz\u00f3.<\/p>\n<p style=\"text-align: justify;\">Respecto a los que est\u00e9n interesados en ser regidores del Ayuntamiento, acentu\u00f3 que se har\u00e1 una Asamblea Municipal de Morena que se realizar\u00e1 entre el 15 y 18 de marzo, en donde se elegir\u00e1, por medio de una t\u00f3mbola, a las parejas para cumplir con el principio de equidad de g\u00e9nero.<\/p>\n<p style=\"text-align: justify;\">Mencion\u00f3 que la afiliaci\u00f3n de militantes de otros partidos a Morena no es nuevo ni exclusiva de este, as\u00ed mismo tampoco les perjudica, por el contrario asever\u00f3 que les alegra que quienes tengan otras ideas, vengan y se acerquen, pero dej\u00f3 claro que por ese hecho no se adquieren compromiso alguno de otorgarles cargos, candidatura, regidur\u00edas o cualquier privilegio, solo ser\u00e1 militantes.<\/p>\n","protected":false},"excerpt":{"rendered":"<p>Visitas: 0Da inicio en el Partido Movimiento de Regeneraci\u00f3n Nacional (Morena) la selecci\u00f3n de candidato a la alcald\u00eda de Poza Rica, Francisco Javier Vel\u00e1zquez Vallejo, delegado municipal de este organismos en Poza Rica se\u00f1al\u00f3 que la convocatoria para participar en los pr\u00f3ximos comicios como aspirante es abierta y pueden participar todas las personas que est\u00e9n [&hellip;]<\/p>\n","protected":false},"author":6,"featured_media":157475,"comment_status":"open","ping_status":"open","sticky":false,"template":"","format":"standard","meta":{"footnotes":""},"categories":[213],"tags":[],"class_list":{"0":"post-157474","1":"post","2":"type-post","3":"status-publish","4":"format-standard","5":"has-post-thumbnail","7":"category-poza-rica"},"nelio_content":{"isAutoShareEnabled":true,"autoShareEndMode":"never","automationSources":{"useCustomSentences":false,"customSentences":[]},"followers":[],"suggestedReferences":[],"efiUrl":"","efiAlt":"","highlights":[],"permalinkQueryArgs":[],"series":[]},"_links":{"self":[{"href":"https:\/\/www.enteratever.com\/2023\/wp-json\/wp\/v2\/posts\/157474","targetHints":{"allow":["GET"]}}],"collection":[{"href":"https:\/\/www.enteratever.com\/2023\/wp-json\/wp\/v2\/posts"}],"about":[{"href":"https:\/\/www.enteratever.com\/2023\/wp-json\/wp\/v2\/types\/post"}],"author":[{"embeddable":true,"href":"https:\/\/www.enteratever.com\/2023\/wp-json\/wp\/v2\/users\/6"}],"replies":[{"embeddable":true,"href":"https:\/\/www.enteratever.com\/2023\/wp-json\/wp\/v2\/comments?post=157474"}],"version-history":[{"count":1,"href":"https:\/\/www.enteratever.com\/2023\/wp-json\/wp\/v2\/posts\/157474\/revisions"}],"predecessor-version":[{"id":161070,"href":"https:\/\/www.enteratever.com\/2023\/wp-json\/wp\/v2\/posts\/157474\/revisions\/161070"}],"wp:featuredmedia":[{"embeddable":true,"href":"https:\/\/www.enteratever.com\/2023\/wp-json\/wp\/v2\/media\/157475"}],"wp:attachment":[{"href":"https:\/\/www.enteratever.com\/2023\/wp-json\/wp\/v2\/media?parent=157474"}],"wp:term":[{"taxonomy":"category","embeddable":true,"href":"https:\/\/www.enteratever.com\/2023\/wp-json\/wp\/v2\/categories?post=157474"},{"taxonomy":"post_tag","embeddable":true,"href":"https:\/\/www.enteratever.com\/2023\/wp-json\/wp\/v2\/tags?post=157474"}],"curies":[{"name":"wp","href":"https:\/\/api.w.org\/{rel}","templated":true}]}}