{"id":156872,"date":"2016-10-28T19:45:58","date_gmt":"2016-10-28T19:45:58","guid":{"rendered":"https:\/\/www.enteratever.com\/2023\/gran-patio-poza-rica-se-deslinda-del-cobro-de-estacionamiento\/"},"modified":"2023-01-27T19:58:17","modified_gmt":"2023-01-27T19:58:17","slug":"gran-patio-poza-rica-se-deslinda-del-cobro-de-estacionamiento","status":"publish","type":"post","link":"https:\/\/www.enteratever.com\/2023\/2016\/10\/28\/gran-patio-poza-rica-se-deslinda-del-cobro-de-estacionamiento\/","title":{"rendered":"Gran Patio Poza Rica se deslinda del cobro de estacionamiento"},"content":{"rendered":"<p>Visitas: 50<\/p><p style=\"text-align: justify;\">Se deslinda del cobro de estacionamiento la plaza comerciar Gran Patio Poza Rica afirma que es una empresa independiente la que presta este servicio a los clientes, por lo que ellos no tienen injerencia en el tema.<\/p>\n<p style=\"text-align: justify;\">Cabe se\u00f1alar los legisladores locales aprobaron desde diciembre de 2015 la reforma a la Ley de Desarrollo Urbano, Ordenamiento Territorial y Vivienda y la que regula las Construcciones P\u00fablicas y Privadas, en la cual se proh\u00edbe a las plazas comerciales cobrar el servicio de aparcamiento.<\/p>\n<p style=\"text-align: justify;\">Mario Segoviano, Gerente de Gran Patio Poza Rica se\u00f1al\u00f3 que el cobro no lo realiza el centro comercial sino una empresa privada \u00abNosotros no manejamos estacionamiento como tal, es una empresa independiente, y por ah\u00ed creo que hay algunos ordenamientos que se est\u00e1n validando\u00bb.<\/p>\n<p style=\"text-align: justify;\">Refiri\u00f3 que no han recibido reclamos por parte de los clientes por el cobro del servicio, reconoci\u00f3 que si han tenido quejas se deben a la mala atenci\u00f3n pero que dijo que son corregidas con prontitud.<\/p>\n<p style=\"text-align: justify;\">Al ser cuestionado, el amparo que interpusieron para poder cobrar los cajones agreg\u00f3 \u00abEso lo ve directamente nuestras \u00e1reas legales nosotros no tenemos injerencia como administraci\u00f3n, nosotros vemos m\u00e1s el \u00e1rea operativa de eventos culturales, de imagen atenci\u00f3n y servicio que este bonita para nuestros invitados\u00bb.<\/p>\n<p style=\"text-align: justify;\">Es importante recalcar que en otros municipios de la entidad veracruzana se anul\u00f3 la cuota del aparcamiento tal es el caso de Veracruz y Xalapa.<\/p>\n<p style=\"text-align: justify;\">Por otro lado, reconoci\u00f3 que debido a la crisis econ\u00f3mica la plaza ha tenido altibajos y que se realizan eventos de manera constante para tratar de mitigar las etapas dif\u00edciles.<\/p>\n","protected":false},"excerpt":{"rendered":"<p>Visitas: 50Se deslinda del cobro de estacionamiento la plaza comerciar Gran Patio Poza Rica afirma que es una empresa independiente la que presta este servicio a los clientes, por lo que ellos no tienen injerencia en el tema. Cabe se\u00f1alar los legisladores locales aprobaron desde diciembre de 2015 la reforma a la Ley de Desarrollo [&hellip;]<\/p>\n","protected":false},"author":6,"featured_media":156873,"comment_status":"open","ping_status":"open","sticky":false,"template":"","format":"standard","meta":{"footnotes":""},"categories":[213],"tags":[],"class_list":{"0":"post-156872","1":"post","2":"type-post","3":"status-publish","4":"format-standard","5":"has-post-thumbnail","7":"category-poza-rica"},"nelio_content":{"isAutoShareEnabled":true,"autoShareEndMode":"never","automationSources":{"useCustomSentences":false,"customSentences":[]},"followers":[],"suggestedReferences":[],"efiUrl":"","efiAlt":"","highlights":[],"permalinkQueryArgs":[],"series":[]},"_links":{"self":[{"href":"https:\/\/www.enteratever.com\/2023\/wp-json\/wp\/v2\/posts\/156872","targetHints":{"allow":["GET"]}}],"collection":[{"href":"https:\/\/www.enteratever.com\/2023\/wp-json\/wp\/v2\/posts"}],"about":[{"href":"https:\/\/www.enteratever.com\/2023\/wp-json\/wp\/v2\/types\/post"}],"author":[{"embeddable":true,"href":"https:\/\/www.enteratever.com\/2023\/wp-json\/wp\/v2\/users\/6"}],"replies":[{"embeddable":true,"href":"https:\/\/www.enteratever.com\/2023\/wp-json\/wp\/v2\/comments?post=156872"}],"version-history":[{"count":1,"href":"https:\/\/www.enteratever.com\/2023\/wp-json\/wp\/v2\/posts\/156872\/revisions"}],"predecessor-version":[{"id":161372,"href":"https:\/\/www.enteratever.com\/2023\/wp-json\/wp\/v2\/posts\/156872\/revisions\/161372"}],"wp:featuredmedia":[{"embeddable":true,"href":"https:\/\/www.enteratever.com\/2023\/wp-json\/wp\/v2\/media\/156873"}],"wp:attachment":[{"href":"https:\/\/www.enteratever.com\/2023\/wp-json\/wp\/v2\/media?parent=156872"}],"wp:term":[{"taxonomy":"category","embeddable":true,"href":"https:\/\/www.enteratever.com\/2023\/wp-json\/wp\/v2\/categories?post=156872"},{"taxonomy":"post_tag","embeddable":true,"href":"https:\/\/www.enteratever.com\/2023\/wp-json\/wp\/v2\/tags?post=156872"}],"curies":[{"name":"wp","href":"https:\/\/api.w.org\/{rel}","templated":true}]}}