{"id":156804,"date":"2016-10-17T18:45:14","date_gmt":"2016-10-17T18:45:14","guid":{"rendered":"https:\/\/www.enteratever.com\/2023\/asegura-yunes-linares-que-duarte-supuestamente-habria-huido-del-estado\/"},"modified":"2023-01-28T16:33:28","modified_gmt":"2023-01-28T16:33:28","slug":"asegura-yunes-linares-que-duarte-supuestamente-habria-huido-del-estado","status":"publish","type":"post","link":"https:\/\/www.enteratever.com\/2023\/2016\/10\/17\/asegura-yunes-linares-que-duarte-supuestamente-habria-huido-del-estado\/","title":{"rendered":"Asegura Yunes Linares que Duarte supuestamente habr\u00eda hu\u00eddo del estado"},"content":{"rendered":"<p>Visitas: 0<\/p><p style=\"text-align: justify;\">El gobernador electo Miguel \u00c1ngel Yunes Linares dijo tener reporte de que aparentemente Javier Duarte de Ochoa huy\u00f3 del estado el pasado s\u00e1bado, en un helic\u00f3ptero que le facilit\u00f3 el Jefe del Ejecutivo Estatal interino Flavino R\u00edos Alvarado.<\/p>\n<p style=\"text-align: justify;\">Sin embargo, el panista aclar\u00f3 se trata de informaci\u00f3n extraoficial que le lleg\u00f3.<\/p>\n<p style=\"text-align: justify;\">\u201cLa informaci\u00f3n extraoficial que tengo es que huy\u00f3 el s\u00e1bado, en un helic\u00f3ptero que le proporcion\u00f3 Flavino R\u00edos\u201d.<\/p>\n<p style=\"text-align: justify;\">Detall\u00f3 que el gobernador con licencia se fue de la capital del estado desde el pasado fin de semana, sin embargo dijo desconocer el rumbo que habr\u00eda tomado.<\/p>\n<p style=\"text-align: justify;\">Asever\u00f3 que por tal motivo, Duarte de Ochoa no se present\u00f3 este d\u00eda lunes a una entrevista agendada en la Ciudad de M\u00e9xico con el periodista Carlos Loret de Mola.<\/p>\n<p style=\"text-align: justify;\">\u201cHuy\u00f3 el s\u00e1bado y por esa raz\u00f3n hoy no se present\u00f3 al programa de Loret de Mola\u201d.<\/p>\n<p style=\"text-align: justify;\">Destac\u00f3 que las autoridades podr\u00edan dar con el paradero del pri\u00edsta en base a la bit\u00e1cora del helic\u00f3ptero en que el presumiblemente escap\u00f3.<\/p>\n<p style=\"text-align: justify;\">\u201cSe dice en principio que se fue a Puebla, pero de Puebla pudo haberse quedado ah\u00ed o irse a otro lado\u201d.<\/p>\n<p style=\"text-align: justify;\">Al ser cuestionado sobre el video donde se observa al empresario Mois\u00e9s Mansur Cysneiros, en el momento en que confiesa en una charla privada que pag\u00f3 cuentas de Karime Mac\u00edas, esposa de Duarte, con una tarjeta de cr\u00e9dito, el panista manifest\u00f3 que se trata de un tema que \u00e9l ha denunciado desde hace tiempo.<\/p>\n<p style=\"text-align: justify;\">\u201cLo que yo he se\u00f1alado desde hace muchos meses y hoy simplemente se confirma, yo he dicho que Mois\u00e9s Mansur es uno de los principales prestanombres y buena parte de los recursos que le robaron a los veracruzanos fueron puestos a nombre de Mois\u00e9s Mansur y hoy en voz de Mois\u00e9s Mansur queda claro lo que yo dije\u201d.<\/p>\n<p style=\"text-align: justify;\">En ese sentido, exigi\u00f3 a las autoridades que tambi\u00e9n se investigue a la familia de Duarte de Ochoa, incluida su esposa y suegros.<\/p>\n<p style=\"text-align: justify;\">\u201cEste es un elemento contundente, no hay lugar a dudas, lo que se tiene que hacer hoy es evitar que Duarte huya, llevarlo ante los jueces y obligarlo a que devuelva lo robado, a \u00e9l y a sus c\u00f3mplices, incluyo entre sus c\u00f3mplices no s\u00f3lo a Mois\u00e9s Mansur y a las dem\u00e1s personas que estaban en el \u00e1mbito del sector privado, sino tambi\u00e9n a los funcionarios p\u00fablicos que participaron en este atraco y tambi\u00e9n a la familia de Duarte, tambi\u00e9n a su suegro, tambi\u00e9n a su esposa, tambi\u00e9n a su suegra, tambi\u00e9n a la hermana de su esposa, a toda la familia. Son tres grupos bien definidos de c\u00f3mplices, el entorno familiar, el entorno de funcionarios y el entorno de disque empresarios que no lo eran, eran unos viles atracadores\u201d.<\/p>\n<p style=\"text-align: justify;\">En torno al tema de la vivienda de Texas, Yunes Linares, manifest\u00f3 que Duarte de Ochoa la adquiri\u00f3 en 2006 en m\u00e1s de 700 mil d\u00f3lares y la vendi\u00f3 en 10 d\u00f3lares a Jos\u00e9 Ram\u00edrez Tubilla, t\u00edo de Karime Mac\u00edas, y a su vez este la ofert\u00f3 en 10 d\u00f3lares a una persona identificada como Jos\u00e9 Antonio Band\u00edn.<\/p>\n","protected":false},"excerpt":{"rendered":"<p>Visitas: 0El gobernador electo Miguel \u00c1ngel Yunes Linares dijo tener reporte de que aparentemente Javier Duarte de Ochoa huy\u00f3 del estado el pasado s\u00e1bado, en un helic\u00f3ptero que le facilit\u00f3 el Jefe del Ejecutivo Estatal interino Flavino R\u00edos Alvarado. Sin embargo, el panista aclar\u00f3 se trata de informaci\u00f3n extraoficial que le lleg\u00f3. \u201cLa informaci\u00f3n extraoficial [&hellip;]<\/p>\n","protected":false},"author":2,"featured_media":156805,"comment_status":"open","ping_status":"open","sticky":false,"template":"","format":"standard","meta":{"footnotes":""},"categories":[213],"tags":[],"class_list":{"0":"post-156804","1":"post","2":"type-post","3":"status-publish","4":"format-standard","5":"has-post-thumbnail","7":"category-poza-rica"},"nelio_content":{"isAutoShareEnabled":true,"autoShareEndMode":"never","automationSources":{"useCustomSentences":false,"customSentences":[]},"followers":[],"suggestedReferences":[],"efiUrl":"","efiAlt":"","highlights":[],"permalinkQueryArgs":[],"series":[]},"_links":{"self":[{"href":"https:\/\/www.enteratever.com\/2023\/wp-json\/wp\/v2\/posts\/156804","targetHints":{"allow":["GET"]}}],"collection":[{"href":"https:\/\/www.enteratever.com\/2023\/wp-json\/wp\/v2\/posts"}],"about":[{"href":"https:\/\/www.enteratever.com\/2023\/wp-json\/wp\/v2\/types\/post"}],"author":[{"embeddable":true,"href":"https:\/\/www.enteratever.com\/2023\/wp-json\/wp\/v2\/users\/2"}],"replies":[{"embeddable":true,"href":"https:\/\/www.enteratever.com\/2023\/wp-json\/wp\/v2\/comments?post=156804"}],"version-history":[{"count":1,"href":"https:\/\/www.enteratever.com\/2023\/wp-json\/wp\/v2\/posts\/156804\/revisions"}],"predecessor-version":[{"id":161406,"href":"https:\/\/www.enteratever.com\/2023\/wp-json\/wp\/v2\/posts\/156804\/revisions\/161406"}],"wp:featuredmedia":[{"embeddable":true,"href":"https:\/\/www.enteratever.com\/2023\/wp-json\/wp\/v2\/media\/156805"}],"wp:attachment":[{"href":"https:\/\/www.enteratever.com\/2023\/wp-json\/wp\/v2\/media?parent=156804"}],"wp:term":[{"taxonomy":"category","embeddable":true,"href":"https:\/\/www.enteratever.com\/2023\/wp-json\/wp\/v2\/categories?post=156804"},{"taxonomy":"post_tag","embeddable":true,"href":"https:\/\/www.enteratever.com\/2023\/wp-json\/wp\/v2\/tags?post=156804"}],"curies":[{"name":"wp","href":"https:\/\/api.w.org\/{rel}","templated":true}]}}