{"id":156750,"date":"2016-10-08T02:22:53","date_gmt":"2016-10-08T02:22:53","guid":{"rendered":"https:\/\/www.enteratever.com\/2023\/confirma-poza-rica-de-las-artes-se-cancela-la-presentacion-de-hernaldo-zuniga\/"},"modified":"2023-01-28T16:33:29","modified_gmt":"2023-01-28T16:33:29","slug":"confirma-poza-rica-de-las-artes-se-cancela-la-presentacion-de-hernaldo-zuniga","status":"publish","type":"post","link":"https:\/\/www.enteratever.com\/2023\/2016\/10\/08\/confirma-poza-rica-de-las-artes-se-cancela-la-presentacion-de-hernaldo-zuniga\/","title":{"rendered":"Confirma Poza Rica de las Artes se cancela la presentaci\u00f3n de Hernaldo Z\u00fa\u00f1iga"},"content":{"rendered":"<p>Visitas: 0<\/p><p><a href=\"http:\/\/enteratever.com\/2015\/wp-content\/uploads\/2016\/10\/14572971_10210691898484399_119793686693888398_n.jpg\"><img loading=\"lazy\" decoding=\"async\" class=\"aligncenter size-full wp-image-70561\" src=\"http:\/\/enteratever.com\/2015\/wp-content\/uploads\/2016\/10\/14572971_10210691898484399_119793686693888398_n.jpg\" alt=\"14572971_10210691898484399_119793686693888398_n\" width=\"960\" height=\"640\" \/><\/a>A trav\u00e9s de su cuenta oficial, el festival Poza Rica de las Artes di\u00f3 a conocer que la presentaci\u00f3n de Hernaldo Z\u00fa\u00f1iga qued\u00f3 cancelada.<\/p>\n<p>Es importante se\u00f1alar que la presentaci\u00f3n del cantante estaba prevista para este viernes 7 de agosto en la Plaza C\u00edvica \u00ab18 de Marzo\u00bb.<\/p>\n<p>El programa qued\u00f3 de la siguiente manera:<\/p>\n<p><a href=\"http:\/\/enteratever.com\/2015\/wp-content\/uploads\/2016\/10\/WhatsApp-Image-2016-10-07-at-21.01.38.jpeg\"><img loading=\"lazy\" decoding=\"async\" class=\"aligncenter size-full wp-image-70562\" src=\"http:\/\/enteratever.com\/2015\/wp-content\/uploads\/2016\/10\/WhatsApp-Image-2016-10-07-at-21.01.38.jpeg\" alt=\"whatsapp-image-2016-10-07-at-21-01-38\" width=\"1280\" height=\"853\" \/><\/a><\/p>\n","protected":false},"excerpt":{"rendered":"<p>Visitas: 0A trav\u00e9s de su cuenta oficial, el festival Poza Rica de las Artes di\u00f3 a conocer que la presentaci\u00f3n de Hernaldo Z\u00fa\u00f1iga qued\u00f3 cancelada. Es importante se\u00f1alar que la presentaci\u00f3n del cantante estaba prevista para este viernes 7 de agosto en la Plaza C\u00edvica \u00ab18 de Marzo\u00bb. El programa qued\u00f3 de la siguiente manera:<\/p>\n","protected":false},"author":2,"featured_media":156751,"comment_status":"open","ping_status":"open","sticky":false,"template":"","format":"standard","meta":{"footnotes":""},"categories":[213],"tags":[],"class_list":{"0":"post-156750","1":"post","2":"type-post","3":"status-publish","4":"format-standard","5":"has-post-thumbnail","7":"category-poza-rica"},"nelio_content":{"isAutoShareEnabled":true,"autoShareEndMode":"never","automationSources":{"useCustomSentences":false,"customSentences":[]},"followers":[],"suggestedReferences":[],"efiUrl":"","efiAlt":"","highlights":[],"permalinkQueryArgs":[],"series":[]},"_links":{"self":[{"href":"https:\/\/www.enteratever.com\/2023\/wp-json\/wp\/v2\/posts\/156750","targetHints":{"allow":["GET"]}}],"collection":[{"href":"https:\/\/www.enteratever.com\/2023\/wp-json\/wp\/v2\/posts"}],"about":[{"href":"https:\/\/www.enteratever.com\/2023\/wp-json\/wp\/v2\/types\/post"}],"author":[{"embeddable":true,"href":"https:\/\/www.enteratever.com\/2023\/wp-json\/wp\/v2\/users\/2"}],"replies":[{"embeddable":true,"href":"https:\/\/www.enteratever.com\/2023\/wp-json\/wp\/v2\/comments?post=156750"}],"version-history":[{"count":1,"href":"https:\/\/www.enteratever.com\/2023\/wp-json\/wp\/v2\/posts\/156750\/revisions"}],"predecessor-version":[{"id":161433,"href":"https:\/\/www.enteratever.com\/2023\/wp-json\/wp\/v2\/posts\/156750\/revisions\/161433"}],"wp:featuredmedia":[{"embeddable":true,"href":"https:\/\/www.enteratever.com\/2023\/wp-json\/wp\/v2\/media\/156751"}],"wp:attachment":[{"href":"https:\/\/www.enteratever.com\/2023\/wp-json\/wp\/v2\/media?parent=156750"}],"wp:term":[{"taxonomy":"category","embeddable":true,"href":"https:\/\/www.enteratever.com\/2023\/wp-json\/wp\/v2\/categories?post=156750"},{"taxonomy":"post_tag","embeddable":true,"href":"https:\/\/www.enteratever.com\/2023\/wp-json\/wp\/v2\/tags?post=156750"}],"curies":[{"name":"wp","href":"https:\/\/api.w.org\/{rel}","templated":true}]}}