{"id":156718,"date":"2016-10-04T19:56:48","date_gmt":"2016-10-04T19:56:48","guid":{"rendered":"https:\/\/www.enteratever.com\/2023\/vasta-oferta-infantil-en-el-festival-poza-rica-de-las-artes\/"},"modified":"2023-01-28T16:33:42","modified_gmt":"2023-01-28T16:33:42","slug":"vasta-oferta-infantil-en-el-festival-poza-rica-de-las-artes","status":"publish","type":"post","link":"https:\/\/www.enteratever.com\/2023\/2016\/10\/04\/vasta-oferta-infantil-en-el-festival-poza-rica-de-las-artes\/","title":{"rendered":"Vasta oferta infantil en el Festival Poza Rica de las Artes"},"content":{"rendered":"<p>Visitas: 0<\/p><p style=\"text-align: justify;\">Con la confirmaci\u00f3n de m\u00e1s de 400 actividades culturales y l\u00fadicas dedicadas a los ni\u00f1os, el Festival Poza Rica de las Artes, Ciudad joven, ra\u00edces profundas, se posiciona como un espacio de convergencia para p\u00fablicos de todas las edades. As\u00ed, la tercera edici\u00f3n del Festival Poza Rica de las Artes, que se llevar\u00e1 a cabo del 3 al 9 de octubre, inicia sus actividades con el colectivo La Maquinita que recorrer\u00e1 214 escuelas para beneficiar a 43,000 mil ni\u00f1os con el apoyo de 13 maquinistas que llevar\u00e1n arte, cultura y armon\u00eda a los centros escolares.<\/p>\n<p style=\"text-align: justify;\">El festival contempor\u00e1neo ofertar\u00e1 tambi\u00e9n espect\u00e1culos multidisciplinarios, teatro, y t\u00edteres como lo que propone el grupo Merequetengue, que impartir\u00e1 un taller y tendr\u00e1 una funci\u00f3n el jueves 6 de octubre a las 20:00 horas en el Parque Cuauht\u00e9moc.<\/p>\n<p style=\"text-align: justify;\">Por su parte, el municipio de Poza Rica abonar\u00e1 al fortalecimiento de artistas locales con la participaci\u00f3n de Circo Exc\u00e9ntrico, que actuar\u00e1 el 6 y 8 de octubre a las 18:00 horas en el campo de la Petromex y el grupo de teatro Oro negro y los negros del 32, que compartir\u00e1 sus obras El caballo que vuela por los aires y Los tres consejos\u201d en la explanada del palacio Municipal, a las 20:00 horas.<\/p>\n<p style=\"text-align: justify;\">La cuentacuentos Itzel Villalobos llegar\u00e1 de Orizaba, Veracruz para presentarse en el Parque de las Am\u00e9ricas el 8 de octubre, a las 20:00 horas. Con esto se garantiza una amplia oferta cultural que llega a todos los vecinos de la ciudad.<br \/>\nEn el marco del Festival Poza Rica de las Artes tambi\u00e9n se dar\u00e1n talleres de iniciaci\u00f3n y profesionalizaci\u00f3n a las artes, como el que lleva por nombre Fotografiando mi infancia y el taller de cuentacuentos, que se impartir\u00e1n los d\u00edas 8 y 9 de octubre en la explanada del Palacio Municipal a las 18:00 horas.<\/p>\n<p style=\"text-align: justify;\">Adem\u00e1s, este festival se vincula con instituciones como el Instituto Veracruzano de la Cultura (IVEC) y la Casa de Cultura de Poza Rica, que estar\u00e1 representada por su grupo Infanter\u00eda teatral Esos locos bajitos y Tinglado teatro. En tanto, el colectivo El artefacto teatral llegar\u00e1 del Puerto de Veracruz para presentarse el domingo 9 de octubre a las 19:00 horas en la p\u00e9rgola del parque Ju\u00e1rez.<\/p>\n<p style=\"text-align: justify;\">Otro grupo m\u00e1s es Juglar\u00eda Circo y Narraci\u00f3n, que incentiva la lectura y el acercamiento a la literatura por segundo a\u00f1o consecutivo en el Festival y participar\u00e1 los d\u00edas 7 y 8 de octubre, a las 18:00 y 19:00 horas, respectivamente, en la explanada del palacio municipal .<\/p>\n<p style=\"text-align: justify;\">La compa\u00f1\u00eda de Teatro Mihail Vassilev y su teatro MUF presentar\u00e1 la obra Las Aventuras de Buratino el jueves 6 y viernes 7 a las 19:00 horas en el Domo Bicentenario, haciendo gala de su trayectoria de 29 a\u00f1os y su reconocimiento en todo el mundo.<\/p>\n<p style=\"text-align: justify;\">Asimismo, Los Estrouberry Clowns difundir\u00e1n su espect\u00e1culo Cielo Nube, que es el primer n\u00famero en su tipo producido por una compa\u00f1\u00eda mexicana. Tambi\u00e9n Yap El payaso y su Circo de Bolsillo compartir\u00e1n sus 15 a\u00f1os de trayectoria.<\/p>\n<p>Finalmente, el grupo Monedita de Oro traer\u00e1 un mundo imaginario a trav\u00e9s de sus canciones el s\u00e1bado 8 de octubre a las 20:00 horas, en la explanada municipal. Adem\u00e1s se podr\u00e1 apreciar el Ballet infantil Tutunak\u00fa el domingo 9 a las 18:00 horas, tambi\u00e9n en la explanada del palacio Municipal.<\/p>\n<p>El Festival Poza Rica en las Artes es una magn\u00edfica oportunidad para disfrutar la cultura en familia, mediante m\u00faltiples propuestas derivadas de la formaci\u00f3n art\u00edstica y sus diversas ramas.<\/p>\n","protected":false},"excerpt":{"rendered":"<p>Visitas: 0Con la confirmaci\u00f3n de m\u00e1s de 400 actividades culturales y l\u00fadicas dedicadas a los ni\u00f1os, el Festival Poza Rica de las Artes, Ciudad joven, ra\u00edces profundas, se posiciona como un espacio de convergencia para p\u00fablicos de todas las edades. As\u00ed, la tercera edici\u00f3n del Festival Poza Rica de las Artes, que se llevar\u00e1 a [&hellip;]<\/p>\n","protected":false},"author":2,"featured_media":156719,"comment_status":"open","ping_status":"open","sticky":false,"template":"","format":"standard","meta":{"footnotes":""},"categories":[213],"tags":[],"class_list":{"0":"post-156718","1":"post","2":"type-post","3":"status-publish","4":"format-standard","5":"has-post-thumbnail","7":"category-poza-rica"},"nelio_content":{"isAutoShareEnabled":true,"autoShareEndMode":"never","automationSources":{"useCustomSentences":false,"customSentences":[]},"followers":[],"suggestedReferences":[],"efiUrl":"","efiAlt":"","highlights":[],"permalinkQueryArgs":[],"series":[]},"_links":{"self":[{"href":"https:\/\/www.enteratever.com\/2023\/wp-json\/wp\/v2\/posts\/156718","targetHints":{"allow":["GET"]}}],"collection":[{"href":"https:\/\/www.enteratever.com\/2023\/wp-json\/wp\/v2\/posts"}],"about":[{"href":"https:\/\/www.enteratever.com\/2023\/wp-json\/wp\/v2\/types\/post"}],"author":[{"embeddable":true,"href":"https:\/\/www.enteratever.com\/2023\/wp-json\/wp\/v2\/users\/2"}],"replies":[{"embeddable":true,"href":"https:\/\/www.enteratever.com\/2023\/wp-json\/wp\/v2\/comments?post=156718"}],"version-history":[{"count":1,"href":"https:\/\/www.enteratever.com\/2023\/wp-json\/wp\/v2\/posts\/156718\/revisions"}],"predecessor-version":[{"id":161449,"href":"https:\/\/www.enteratever.com\/2023\/wp-json\/wp\/v2\/posts\/156718\/revisions\/161449"}],"wp:featuredmedia":[{"embeddable":true,"href":"https:\/\/www.enteratever.com\/2023\/wp-json\/wp\/v2\/media\/156719"}],"wp:attachment":[{"href":"https:\/\/www.enteratever.com\/2023\/wp-json\/wp\/v2\/media?parent=156718"}],"wp:term":[{"taxonomy":"category","embeddable":true,"href":"https:\/\/www.enteratever.com\/2023\/wp-json\/wp\/v2\/categories?post=156718"},{"taxonomy":"post_tag","embeddable":true,"href":"https:\/\/www.enteratever.com\/2023\/wp-json\/wp\/v2\/tags?post=156718"}],"curies":[{"name":"wp","href":"https:\/\/api.w.org\/{rel}","templated":true}]}}