{"id":156712,"date":"2016-10-03T21:00:28","date_gmt":"2016-10-03T21:00:28","guid":{"rendered":"https:\/\/www.enteratever.com\/2023\/inauguran-tercera-edicion-de-festival-poza-rica-de-las-artes\/"},"modified":"2023-01-28T16:33:42","modified_gmt":"2023-01-28T16:33:42","slug":"inauguran-tercera-edicion-de-festival-poza-rica-de-las-artes","status":"publish","type":"post","link":"https:\/\/www.enteratever.com\/2023\/2016\/10\/03\/inauguran-tercera-edicion-de-festival-poza-rica-de-las-artes\/","title":{"rendered":"Inauguran tercera edici\u00f3n de Festival Poza Rica de las Artes"},"content":{"rendered":"<p>Visitas: 2<\/p><p style=\"text-align: justify;\">Teniendo como marco el Parque de las Am\u00e9ricas, en la parte m\u00e1s alta de lo que se denomina el \u201cCerro del Abuelo\u201d, en la popular colonia Francisco I. Madero, el presidente municipal Sergio Lorenzo Quiroz Cruz, inaugur\u00f3 las actividades del Festival Poza Rica de las Artes en su tercera edici\u00f3n.<\/p>\n<p style=\"text-align: justify;\">Acompa\u00f1ado de su esposa la maestra Araceli S\u00e1nchez de Quiroz, la primera autoridad aseguro que en momentos dif\u00edciles por los que atraviesa el municipio siempre ser\u00e1 importante que se realicen actividades positivas y favorables, que nos acerquen a la cultura porque de esa forma podremos recuperar nuestros valores y se reafirman los lazos de identidad.<\/p>\n<p style=\"text-align: justify;\">Lo anterior agreg\u00f3, eventualmente se traduce en una mejo sociedad, m\u00e1s sensible y mejor cohesionada, raz\u00f3n por la cual dijo, su gobierno se dio a la tarea de organizar dicho festival para las expresiones art\u00edsticas y culturales tan diversas como la danza, m\u00fasica, literatura, teatro y pl\u00e1stica.<\/p>\n<p style=\"text-align: justify;\">Invito a todas las familias pozarricenses a participar en el evento y reiter\u00f3 el compromiso de continuar realizando acciones en beneficio de la poblaci\u00f3n pozarricense, porque se tiene la certeza de que la cultura es el hilo que facilitar\u00e1 unir con m\u00e1s firmeza el tejido de nuestra sociedad, lo que nos permitir\u00e1 decir, con toda raz\u00f3n, que con la cultura como gu\u00eda y aliada, Todos somos Poza Rica.<\/p>\n<p style=\"text-align: justify;\">En la exposici\u00f3n de motivos la directora de cultura y tambi\u00e9n organizadora del festival Mar\u00eda del Carmen Ram\u00edrez Ch\u00e1vez, dijo que gracias al trabajo conjunto en el gobierno municipal se logro consolidar el Festival Poza Rica de las Artes.<\/p>\n<p style=\"text-align: justify;\">Dijo que Poza Rica se viste de fiesta y esperanza que son los elementos que junto con el arte, le dan sentido humano a nuestra existencia.<br \/>\nPoza Rica de las Artes en su tercera edici\u00f3n, en esta tierra joven de ra\u00edces profundas, inicio con el recorrido de la maquinita pitando fuerte, ya no con direcci\u00f3n Cobos-Furberos, sino con un canto c\u00f3smico que busca los o\u00eddos del futuro de nuestros ni\u00f1os, que a trav\u00e9s de sus maquinistas narraran historias de labios a o\u00eddos de fabulas, de hechos valientes y de futuros mas venturosos.<\/p>\n<p style=\"text-align: justify;\">Ram\u00edrez Ch\u00e1vez, se\u00f1al\u00f3 que hoy m\u00e1s que nunca es necesario el arte, y Poza Rica se sacude el polvo y de la mano de sus artistas saldr\u00e1n a la calle para trazar una historia de oportunidades y conquistas.<\/p>\n<p style=\"text-align: justify;\">Despu\u00e9s de inaugurar el evento en voz del ejecutivo municipal, funcionarios del actual gobierno procedieron a izar las banderas de Am\u00e9rica. El acto concluy\u00f3 con la entonaci\u00f3n del Himno a Veracruz.<\/p>\n<p style=\"text-align: justify;\">Posteriormente el alcalde se traslado a la escuela primaria Francisca Flores Barreda, en la colonia Cazones, donde dio inicio el recorrido de visitas de \u201cLa Maquinita\u201d (cuenta cuentos), que estar\u00e1 presente este a\u00f1o en 214 instituciones educativas.<\/p>\n","protected":false},"excerpt":{"rendered":"<p>Visitas: 2Teniendo como marco el Parque de las Am\u00e9ricas, en la parte m\u00e1s alta de lo que se denomina el \u201cCerro del Abuelo\u201d, en la popular colonia Francisco I. Madero, el presidente municipal Sergio Lorenzo Quiroz Cruz, inaugur\u00f3 las actividades del Festival Poza Rica de las Artes en su tercera edici\u00f3n. Acompa\u00f1ado de su esposa [&hellip;]<\/p>\n","protected":false},"author":2,"featured_media":156713,"comment_status":"open","ping_status":"open","sticky":false,"template":"","format":"standard","meta":{"footnotes":""},"categories":[213],"tags":[],"class_list":{"0":"post-156712","1":"post","2":"type-post","3":"status-publish","4":"format-standard","5":"has-post-thumbnail","7":"category-poza-rica"},"nelio_content":{"isAutoShareEnabled":true,"autoShareEndMode":"never","automationSources":{"useCustomSentences":false,"customSentences":[]},"followers":[],"suggestedReferences":[],"efiUrl":"","efiAlt":"","highlights":[],"permalinkQueryArgs":[],"series":[]},"_links":{"self":[{"href":"https:\/\/www.enteratever.com\/2023\/wp-json\/wp\/v2\/posts\/156712","targetHints":{"allow":["GET"]}}],"collection":[{"href":"https:\/\/www.enteratever.com\/2023\/wp-json\/wp\/v2\/posts"}],"about":[{"href":"https:\/\/www.enteratever.com\/2023\/wp-json\/wp\/v2\/types\/post"}],"author":[{"embeddable":true,"href":"https:\/\/www.enteratever.com\/2023\/wp-json\/wp\/v2\/users\/2"}],"replies":[{"embeddable":true,"href":"https:\/\/www.enteratever.com\/2023\/wp-json\/wp\/v2\/comments?post=156712"}],"version-history":[{"count":1,"href":"https:\/\/www.enteratever.com\/2023\/wp-json\/wp\/v2\/posts\/156712\/revisions"}],"predecessor-version":[{"id":161453,"href":"https:\/\/www.enteratever.com\/2023\/wp-json\/wp\/v2\/posts\/156712\/revisions\/161453"}],"wp:featuredmedia":[{"embeddable":true,"href":"https:\/\/www.enteratever.com\/2023\/wp-json\/wp\/v2\/media\/156713"}],"wp:attachment":[{"href":"https:\/\/www.enteratever.com\/2023\/wp-json\/wp\/v2\/media?parent=156712"}],"wp:term":[{"taxonomy":"category","embeddable":true,"href":"https:\/\/www.enteratever.com\/2023\/wp-json\/wp\/v2\/categories?post=156712"},{"taxonomy":"post_tag","embeddable":true,"href":"https:\/\/www.enteratever.com\/2023\/wp-json\/wp\/v2\/tags?post=156712"}],"curies":[{"name":"wp","href":"https:\/\/api.w.org\/{rel}","templated":true}]}}