{"id":156708,"date":"2016-10-03T18:10:43","date_gmt":"2016-10-03T18:10:43","guid":{"rendered":"https:\/\/www.enteratever.com\/2023\/reporta-operativo-coordinado-poza-rica-disminucion-de-delitos-en-la-zona-norte\/"},"modified":"2023-01-28T16:33:42","modified_gmt":"2023-01-28T16:33:42","slug":"reporta-operativo-coordinado-poza-rica-disminucion-de-delitos-en-la-zona-norte","status":"publish","type":"post","link":"https:\/\/www.enteratever.com\/2023\/2016\/10\/03\/reporta-operativo-coordinado-poza-rica-disminucion-de-delitos-en-la-zona-norte\/","title":{"rendered":"Reporta Operativo Coordinado Poza Rica disminuci\u00f3n de delitos en la zona norte"},"content":{"rendered":"<p>Visitas: 0<\/p><p style=\"text-align: justify;\">Con el objetivo de disminuir los \u00edndices delictivos en la zona norte y mantener el ambiente de paz y tranquilidad entre la poblaci\u00f3n, el pasado 16 de septiembre dio inicio el Operativo Coordinado Poza Rica, donde participan elementos de las secretar\u00edas de la Defensa Nacional (SEDENA) y la de Seguridad P\u00fablica estatal (SSP).<\/p>\n<p style=\"text-align: justify;\">Las acciones comprendidas durante este periodo han dado como resultado la activaci\u00f3n de acciones de diversos giros, implementando siete bases m\u00f3viles ubicadas en puntos estrat\u00e9gicos en los municipios de Poza Rica, Tihuatl\u00e1n, Coatzintla y Papantla, arrojando la siguiente numeralia:<\/p>\n<p style=\"text-align: justify;\">De ese d\u00eda a la fecha, se han brindado 845 auxilios como fallas mec\u00e1nicas, ponchaduras, abastecimiento de combustible y traslados; se recuperaron un total de 21 veh\u00edculos que contaban con reporte de robo. Asimismo, fueron aseguradas seis armas largas, cinco Ak-47 y un fusil M-4, 11 cargadores y 308 cartuchos \u00fatiles de diversos mil\u00edmetros.<\/p>\n<p style=\"text-align: justify;\">Se pusieron a disposici\u00f3n por diversas faltas administrativas como violencia de g\u00e9nero, alteraci\u00f3n del orden p\u00fablico, faltas a la moral y delitos contra la salud a un total de 161 personas; durante los puestos de control y altos de inspecci\u00f3n se revisaron un mil 213 unidades de Transporte P\u00fablico en modalidad taxi y un mil 730 veh\u00edculos particulares 883 transe\u00fantes, as\u00ed como 871 conductores de motocicletas y se decomisaron cuatro mil 900 kilogramos de marihuana.<\/p>\n<p style=\"text-align: justify;\">Por su parte, la Polic\u00eda Vial en recorridos preventivos inspeccion\u00f3 708 veh\u00edculos, de los cuales 43 resultaron con alguna infracci\u00f3n por falta de documentaci\u00f3n o papeles en regla; se retiraron 155 micas protectoras de sol y mallas, y se apoy\u00f3 sobre la vialidad a 32 veh\u00edculos familiares por fallas mec\u00e1nicas.<\/p>\n<p style=\"text-align: justify;\">El Departamento de Vinculaci\u00f3n Institucional visit\u00f3 un total de ocho escuelas de diferentes niveles educativos, llevando pl\u00e1ticas de prevenci\u00f3n del delito y uso responsable de los n\u00fameros de emergencia a un total de 768 alumnos, padres de familia y personal administrativo; se visitaron cuatro empresas de distintos giros informando a 87 integrantes y fueron creadas cuatro redes vecinales en coordinaci\u00f3n con autoridades, con el objetivo de unirse en contra de delitos del fuero com\u00fan entre vecinos y colonos.<\/p>\n<p style=\"text-align: justify;\">En operativo nocturno de bares y cantinas fueron inspeccionados un total de 78, supervisando las condiciones aptas de establecimientos con permisos en regla, logrando clausurar uno por detectar a menores de edad al interior consumiendo bebidas alcoh\u00f3licas.<\/p>\n<p style=\"text-align: justify;\">Las autoridades exhortan a la ciudadan\u00eda coadyuvar en las labores de prevenci\u00f3n del delito, cerrando bien casas-habitaci\u00f3n y veh\u00edculos, evitando dejar objetos de valor dentro de \u00e9stos; las l\u00edneas de emergencia 066 y denuncia an\u00f3nima 089 permanecen activas las 24 horas del d\u00eda para cualquier reporte.<\/p>\n","protected":false},"excerpt":{"rendered":"<p>Visitas: 0Con el objetivo de disminuir los \u00edndices delictivos en la zona norte y mantener el ambiente de paz y tranquilidad entre la poblaci\u00f3n, el pasado 16 de septiembre dio inicio el Operativo Coordinado Poza Rica, donde participan elementos de las secretar\u00edas de la Defensa Nacional (SEDENA) y la de Seguridad P\u00fablica estatal (SSP). Las [&hellip;]<\/p>\n","protected":false},"author":2,"featured_media":156709,"comment_status":"open","ping_status":"open","sticky":false,"template":"","format":"standard","meta":{"footnotes":""},"categories":[213],"tags":[],"class_list":{"0":"post-156708","1":"post","2":"type-post","3":"status-publish","4":"format-standard","5":"has-post-thumbnail","7":"category-poza-rica"},"nelio_content":{"isAutoShareEnabled":true,"autoShareEndMode":"never","automationSources":{"useCustomSentences":false,"customSentences":[]},"followers":[],"suggestedReferences":[],"efiUrl":"","efiAlt":"","highlights":[],"permalinkQueryArgs":[],"series":[]},"_links":{"self":[{"href":"https:\/\/www.enteratever.com\/2023\/wp-json\/wp\/v2\/posts\/156708","targetHints":{"allow":["GET"]}}],"collection":[{"href":"https:\/\/www.enteratever.com\/2023\/wp-json\/wp\/v2\/posts"}],"about":[{"href":"https:\/\/www.enteratever.com\/2023\/wp-json\/wp\/v2\/types\/post"}],"author":[{"embeddable":true,"href":"https:\/\/www.enteratever.com\/2023\/wp-json\/wp\/v2\/users\/2"}],"replies":[{"embeddable":true,"href":"https:\/\/www.enteratever.com\/2023\/wp-json\/wp\/v2\/comments?post=156708"}],"version-history":[{"count":1,"href":"https:\/\/www.enteratever.com\/2023\/wp-json\/wp\/v2\/posts\/156708\/revisions"}],"predecessor-version":[{"id":161454,"href":"https:\/\/www.enteratever.com\/2023\/wp-json\/wp\/v2\/posts\/156708\/revisions\/161454"}],"wp:featuredmedia":[{"embeddable":true,"href":"https:\/\/www.enteratever.com\/2023\/wp-json\/wp\/v2\/media\/156709"}],"wp:attachment":[{"href":"https:\/\/www.enteratever.com\/2023\/wp-json\/wp\/v2\/media?parent=156708"}],"wp:term":[{"taxonomy":"category","embeddable":true,"href":"https:\/\/www.enteratever.com\/2023\/wp-json\/wp\/v2\/categories?post=156708"},{"taxonomy":"post_tag","embeddable":true,"href":"https:\/\/www.enteratever.com\/2023\/wp-json\/wp\/v2\/tags?post=156708"}],"curies":[{"name":"wp","href":"https:\/\/api.w.org\/{rel}","templated":true}]}}